{"id":9816,"date":"2021-01-21T21:50:03","date_gmt":"2021-01-22T00:50:03","guid":{"rendered":"https:\/\/tvc16.com\/portal\/?p=9816"},"modified":"2021-01-21T21:50:06","modified_gmt":"2021-01-22T00:50:06","slug":"vacinas-da-india-devem-chegar-no-fim-da-tarde-de-amanha-ao-rio","status":"publish","type":"post","link":"https:\/\/tvc16.com\/portal\/2021\/01\/21\/vacinas-da-india-devem-chegar-no-fim-da-tarde-de-amanha-ao-rio\/","title":{"rendered":"Vacinas da \u00cdndia devem chegar no fim da tarde de amanh\u00e3 ao Rio"},"content":{"rendered":"\n<h3 class=\"wp-block-heading\">Foram contratadas duas milh\u00f5es de doses<\/h3>\n\n\n\n<h4 class=\"wp-block-heading\"><\/h4>\n\n\n\n<p>As vacinas contra a covid-19 desenvolvidas em parceria entre a AstraZeneca e a Universidade de Oxford devem chegar ao Brasil, vindas da \u00cdndia, nesta sexta-feira (22). A informa\u00e7\u00e3o foi dada pelo Minist\u00e9rio das Comunica\u00e7\u00f5es por meio de nota oficial na tarde de hoje (21). \u00c0 noite, a Funda\u00e7\u00e3o Oswaldo Cruz (Fiocruz)&nbsp;tamb\u00e9m divulgou uma nota sobre a chegada da vacina.<img decoding=\"async\" src=\"https:\/\/agenciabrasil.ebc.com.br\/ebc.png?id=1399347&amp;o=node\"><img decoding=\"async\" src=\"https:\/\/agenciabrasil.ebc.com.br\/ebc.gif?id=1399347&amp;o=node\"><\/p>\n\n\n\n<p>As 2 milh\u00f5es de doses ser\u00e3o enviadas por meio de um voo comercial da companhia a\u00e9rea Emirates. A previs\u00e3o \u00e9 que a carga chegue no Aeroporto de Guarulhos, em S\u00e3o Paulo \u00e0s 17h40 e, ap\u00f3s os tr\u00e2mites alfandeg\u00e1rios, &nbsp;a carga ser\u00e1 embarcada em outro avi\u00e3o que segue para o Aeroporto Internacional do Gale\u00e3o, de onde ser\u00e1 levada para&nbsp;a Fiocruz. As vacinas foram&nbsp;fabricadas pelo laborat\u00f3rio indiano Serum.<\/p>\n\n\n\n<p>O governo brasileiro tenta desde a semana passada trazer a carga de imunizantes do pa\u00eds asi\u00e1tico. A previs\u00e3o inicial era que elas estariam aqui no domingo passado (17). Contudo, o governo da \u00cdndia recuou e as&nbsp;<a href=\"https:\/\/agenciabrasil.ebc.com.br\/saude\/noticia\/2021-01\/covid-19-ministros-e-embaixador-chines-discutem-envio-de-insumos\" target=\"_blank\" rel=\"noreferrer noopener\">autoridades brasileiras passaram a dialogar para liberar a carga<\/a>.<\/p>\n\n\n\n<p>A \u00cdndia anunciou nesta semana a exporta\u00e7\u00e3o de vacinas para seis pa\u00edses, sem incluir o Brasil. Na noite de ontem, o secret\u00e1rio de Rela\u00e7\u00f5es Exteriores da \u00cdndia, Harsh Srhingla,&nbsp;<a href=\"https:\/\/agenciabrasil.ebc.com.br\/saude\/noticia\/2021-01covid-19%3Aindia-vai-exportar-doses-de-vacina-para-Brasil-nesta-sexta\" target=\"_blank\" rel=\"noreferrer noopener\">confirmou \u00e0 Ag\u00eancia Reuters a libera\u00e7\u00e3o da exporta\u00e7\u00e3o<\/a>.<\/p>\n\n\n\n<p>O presidente Jair Bolsonaro publicou nas suas redes sociais sobre a libera\u00e7\u00e3o das exporta\u00e7\u00f5es da vacina e cumprimentou o ministro das rela\u00e7\u00f5es exteriores Ernesto Ara\u00fajo e os servidores do Itamaraty pelo trabalho.<\/p>\n\n\n\n<p>Por Jonas Valente \u2013 Rep\u00f3rter Ag\u00eancia Brasil &#8211; Bras\u00edlia<\/p>\n","protected":false},"excerpt":{"rendered":"<p>Foram contratadas duas milh\u00f5es de doses As vacinas contra a covid-19 desenvolvidas em parceria entre<\/p>\n","protected":false},"author":2,"featured_media":9817,"comment_status":"open","ping_status":"open","sticky":false,"template":"","format":"standard","meta":{"footnotes":""},"categories":[17],"tags":[],"class_list":["post-9816","post","type-post","status-publish","format-standard","has-post-thumbnail","hentry","category-outras-noticias"],"_links":{"self":[{"href":"https:\/\/tvc16.com\/portal\/wp-json\/wp\/v2\/posts\/9816","targetHints":{"allow":["GET"]}}],"collection":[{"href":"https:\/\/tvc16.com\/portal\/wp-json\/wp\/v2\/posts"}],"about":[{"href":"https:\/\/tvc16.com\/portal\/wp-json\/wp\/v2\/types\/post"}],"author":[{"embeddable":true,"href":"https:\/\/tvc16.com\/portal\/wp-json\/wp\/v2\/users\/2"}],"replies":[{"embeddable":true,"href":"https:\/\/tvc16.com\/portal\/wp-json\/wp\/v2\/comments?post=9816"}],"version-history":[{"count":1,"href":"https:\/\/tvc16.com\/portal\/wp-json\/wp\/v2\/posts\/9816\/revisions"}],"predecessor-version":[{"id":9818,"href":"https:\/\/tvc16.com\/portal\/wp-json\/wp\/v2\/posts\/9816\/revisions\/9818"}],"wp:featuredmedia":[{"embeddable":true,"href":"https:\/\/tvc16.com\/portal\/wp-json\/wp\/v2\/media\/9817"}],"wp:attachment":[{"href":"https:\/\/tvc16.com\/portal\/wp-json\/wp\/v2\/media?parent=9816"}],"wp:term":[{"taxonomy":"category","embeddable":true,"href":"https:\/\/tvc16.com\/portal\/wp-json\/wp\/v2\/categories?post=9816"},{"taxonomy":"post_tag","embeddable":true,"href":"https:\/\/tvc16.com\/portal\/wp-json\/wp\/v2\/tags?post=9816"}],"curies":[{"name":"wp","href":"https:\/\/api.w.org\/{rel}","templated":true}]}}