{"id":98162,"date":"2025-01-29T08:00:17","date_gmt":"2025-01-29T11:00:17","guid":{"rendered":"https:\/\/tvc16.com\/portal\/?p=98162"},"modified":"2025-01-29T08:00:21","modified_gmt":"2025-01-29T11:00:21","slug":"sp-ja-tem-mais-mortes-por-febre-amarela-neste-ano-do-que-em-todo-2024","status":"publish","type":"post","link":"https:\/\/tvc16.com\/portal\/2025\/01\/29\/sp-ja-tem-mais-mortes-por-febre-amarela-neste-ano-do-que-em-todo-2024\/","title":{"rendered":"SP j\u00e1 tem mais mortes por febre amarela neste ano do que em todo 2024"},"content":{"rendered":"\n<p><em>Tr\u00eas pessoas morreram pela doen\u00e7a no estado em janeiro<\/em><\/p>\n\n\n\n<p>Por Elaine Patricia Cruz \u2013 Rep\u00f3rter da Ag\u00eancia Brasil \/ Foto: Tomaz Silva\/Ag\u00eancia Brasil<\/p>\n\n\n\n<p><\/p>\n\n\n\n<p>No m\u00eas de janeiro, tr\u00eas pessoas morreram por febre amarela no estado de S\u00e3o Paulo. O dado foi confirmado pela Secretaria Estadual de Sa\u00fade e computa casos registrados at\u00e9 a \u00faltima sexta-feira (24). Esse n\u00famero j\u00e1 supera o registrado em todo o ano passado, quando foram confirmados dois casos, com um \u00f3bito.<img decoding=\"async\" src=\"https:\/\/agenciabrasil.ebc.com.br\/ebc.png?id=1628227&amp;o=node\"><img decoding=\"async\" src=\"https:\/\/agenciabrasil.ebc.com.br\/ebc.gif?id=1628227&amp;o=node\"><\/p>\n\n\n\n<p>Este j\u00e1 \u00e9 o maior n\u00famero de casos desde 2019, quando foram registrados 64 casos aut\u00f3ctones (contra\u00eddo na pr\u00f3pria regi\u00e3o onde a pessoa vive) e 12 \u00f3bitos em todo o estado paulista.<\/p>\n\n\n\n<p>Ao todo, sete casos de febre amarela em humanos foram confirmados neste ano de 2025, todos no interior paulista. Quatro desses casos foram registrados em Socorro, um em Tuiuti e um em Joan\u00f3polis, locais onde est\u00e1 ocorrendo refor\u00e7o na vacina\u00e7\u00e3o e nas a\u00e7\u00f5es de sa\u00fade. Um outro caso ainda est\u00e1 sob investiga\u00e7\u00e3o.<\/p>\n\n\n\n<p>Tamb\u00e9m houve refor\u00e7o de a\u00e7\u00f5es na regi\u00e3o de Ribeir\u00e3o Preto, onde foi&nbsp;<a href=\"https:\/\/agenciabrasil.ebc.com.br\/saude\/noticia\/2025-01\/saude-confirma-casos-de-febre-amarela-em-macacos-em-municipio-paulista-0\">detectada morte de macacos<\/a>&nbsp;em decorr\u00eancia da infec\u00e7\u00e3o. Embora macacos doentes n\u00e3o transmitam a doen\u00e7a, s\u00e3o um indicativo de circula\u00e7\u00e3o do v\u00edrus.<\/p>\n\n\n\n<h2 class=\"wp-block-heading\">Doen\u00e7a<\/h2>\n\n\n\n<p>A febre amarela \u00e9 uma doen\u00e7a infecciosa febril aguda que \u00e9 causada por um v\u00edrus. Esse v\u00edrus \u00e9 transmitido pela picada de um mosquito silvestre, que vive em zona de mata, e n\u00e3o h\u00e1 transmiss\u00e3o direta de pessoa para pessoa.&nbsp;<\/p>\n\n\n\n<p>Um indicador da presen\u00e7a desses mosquitos transmissores se d\u00e1 com a morte de macacos, que tamb\u00e9m sofrem com altos \u00edndices de mortalidade quando contaminados. Por isso, o avistamento de macacos mortos deve ser informado \u00e0s equipes de sa\u00fade do munic\u00edpio.<\/p>\n\n\n\n<p>Os sintomas iniciais da febre amarela s\u00e3o febre, calafrios, dor de cabe\u00e7a intensa, dores nas costas, dores no corpo, n\u00e1useas e v\u00f4mitos, fadiga e fraqueza.<\/p>\n\n\n\n<p>A doen\u00e7a pode ser prevenida por meio de vacina, que est\u00e1 dispon\u00edvel gratuitamente pelo Sistema \u00danico de Sa\u00fade (SUS). Desde abril de 2017, o Brasil adota o esquema vacinal de apenas uma dose durante toda a vida, medida que est\u00e1 de acordo com as recomenda\u00e7\u00f5es da Organiza\u00e7\u00e3o Mundial da Sa\u00fade (OMS). A vacina \u00e9 a melhor forma de preven\u00e7\u00e3o da doen\u00e7a e est\u00e1 dispon\u00edvel em todos os postos de sa\u00fade do estado.<br><\/p>\n","protected":false},"excerpt":{"rendered":"<p>Tr\u00eas pessoas morreram pela doen\u00e7a no estado em janeiro Por Elaine Patricia Cruz \u2013 Rep\u00f3rter<\/p>\n","protected":false},"author":2,"featured_media":98163,"comment_status":"open","ping_status":"open","sticky":false,"template":"","format":"standard","meta":{"footnotes":""},"categories":[17],"tags":[],"class_list":["post-98162","post","type-post","status-publish","format-standard","has-post-thumbnail","hentry","category-outras-noticias"],"_links":{"self":[{"href":"https:\/\/tvc16.com\/portal\/wp-json\/wp\/v2\/posts\/98162","targetHints":{"allow":["GET"]}}],"collection":[{"href":"https:\/\/tvc16.com\/portal\/wp-json\/wp\/v2\/posts"}],"about":[{"href":"https:\/\/tvc16.com\/portal\/wp-json\/wp\/v2\/types\/post"}],"author":[{"embeddable":true,"href":"https:\/\/tvc16.com\/portal\/wp-json\/wp\/v2\/users\/2"}],"replies":[{"embeddable":true,"href":"https:\/\/tvc16.com\/portal\/wp-json\/wp\/v2\/comments?post=98162"}],"version-history":[{"count":1,"href":"https:\/\/tvc16.com\/portal\/wp-json\/wp\/v2\/posts\/98162\/revisions"}],"predecessor-version":[{"id":98164,"href":"https:\/\/tvc16.com\/portal\/wp-json\/wp\/v2\/posts\/98162\/revisions\/98164"}],"wp:featuredmedia":[{"embeddable":true,"href":"https:\/\/tvc16.com\/portal\/wp-json\/wp\/v2\/media\/98163"}],"wp:attachment":[{"href":"https:\/\/tvc16.com\/portal\/wp-json\/wp\/v2\/media?parent=98162"}],"wp:term":[{"taxonomy":"category","embeddable":true,"href":"https:\/\/tvc16.com\/portal\/wp-json\/wp\/v2\/categories?post=98162"},{"taxonomy":"post_tag","embeddable":true,"href":"https:\/\/tvc16.com\/portal\/wp-json\/wp\/v2\/tags?post=98162"}],"curies":[{"name":"wp","href":"https:\/\/api.w.org\/{rel}","templated":true}]}}