{"id":98168,"date":"2025-01-29T08:05:56","date_gmt":"2025-01-29T11:05:56","guid":{"rendered":"https:\/\/tvc16.com\/portal\/?p=98168"},"modified":"2025-01-29T08:06:00","modified_gmt":"2025-01-29T11:06:00","slug":"transacoes-por-pix-voltam-a-aumentar-na-segunda-metade-de-janeiro","status":"publish","type":"post","link":"https:\/\/tvc16.com\/portal\/2025\/01\/29\/transacoes-por-pix-voltam-a-aumentar-na-segunda-metade-de-janeiro\/","title":{"rendered":"Transa\u00e7\u00f5es por Pix voltam a aumentar na segunda metade de janeiro"},"content":{"rendered":"\n<p><em>Volume de transfer\u00eancias havia ca\u00eddo em meio a onda de fake news<\/em><\/p>\n\n\n\n<p>Por Wellton M\u00e1ximo &#8211; Rep\u00f3rter da Ag\u00eancia Brasil \/ Foto: Bruno Peres\/Ag\u00eancia Brasil<\/p>\n\n\n\n<p><\/p>\n\n\n\n<p>Ap\u00f3s a onda de&nbsp;<em>fake news<\/em>&nbsp;de uma falsa taxa\u00e7\u00e3o do Pix, o volume de transa\u00e7\u00f5es voltou a aproximar-se da m\u00e9dia hist\u00f3rica na terceira semana de janeiro. Dos dias 16 a 27 deste m\u00eas, o n\u00famero de transfer\u00eancias totalizou 1,923 bilh\u00f5es, alta de 0,24% em rela\u00e7\u00e3o aos mesmos dias de novembro, segundo as estat\u00edsticas do Sistema de Pagamentos Instant\u00e2neo (SPI) do Banco Central (BC).<img decoding=\"async\" src=\"https:\/\/agenciabrasil.ebc.com.br\/ebc.png?id=1628212&amp;o=node\"><img decoding=\"async\" src=\"https:\/\/agenciabrasil.ebc.com.br\/ebc.gif?id=1628212&amp;o=node\"><\/p>\n\n\n\n<p>O levantamento vai do dia seguinte \u00e0&nbsp;<a href=\"https:\/\/agenciabrasil.ebc.com.br\/economia\/noticia\/2025-01\/receita-revoga-ato-normativo-que-previa-fiscalizacao-do-pix\" target=\"_blank\" rel=\"noreferrer noopener\">revoga\u00e7\u00e3o da norma que modernizava a fiscaliza\u00e7\u00e3o do Pix<\/a>&nbsp;e de outros tipos de transfer\u00eancias financeiras at\u00e9 segunda-feira (27). Por causa de uma onda de desinforma\u00e7\u00e3o, que acarretou fraudes, como falsos boletos de cobran\u00e7a de impostos e crimes \u00e0 ordem econ\u00f4mica, como cobran\u00e7a de pre\u00e7os diferenciados entre Pix e outras modalidades, a Receita Federal cancelou a instru\u00e7\u00e3o normativa que tinha entrado em vigor em 1\u00ba de janeiro.<\/p>\n\n\n\n<p>Em rela\u00e7\u00e3o a dezembro, o volume de transfer\u00eancias via Pix caiu 13,1% na compara\u00e7\u00e3o entre os dias 16 e 27. No entanto, o \u00faltimo m\u00eas do ano historicamente tem um pico de transfer\u00eancias por causa do pagamento do d\u00e9cimo terceiro sal\u00e1rio, das compras de Natal e das f\u00e9rias de fim de ano. Dessa forma, o padr\u00e3o hist\u00f3rico mais apropriado de compara\u00e7\u00e3o \u00e9 com o mesmo per\u00edodo de novembro.<\/p>\n\n\n\n<p>A onda de mentiras sobre o Pix que circulou na primeira quinzena de janeiro&nbsp;<a href=\"https:\/\/agenciabrasil.ebc.com.br\/economia\/noticia\/2025-01\/transacoes-pix-caem-em-relacao-dezembro-mas-crescem-em-12-meses\" target=\"_blank\" rel=\"noreferrer noopener\">fez o volume de transa\u00e7\u00f5es cair 13,4%<\/a>&nbsp;de 1\u00ba a 15 de janeiro em rela\u00e7\u00e3o a dezembro. Na compara\u00e7\u00e3o com o mesmo per\u00edodo de novembro, o recuo chegou a 6,7%. Se considerar o per\u00edodo entre 1 e 14 de janeiro, a queda chega a 15,7% em rela\u00e7\u00e3o a dezembro e a 7,9% em rela\u00e7\u00e3o a novembro.<\/p>\n\n\n\n<p>Al\u00e9m de revogar a norma, o governo&nbsp;<a href=\"https:\/\/agenciabrasil.ebc.com.br\/economia\/noticia\/2025-01\/publicada-mp-que-proibe-cobranca-diferenciada-por-transacoes-com-pix\" target=\"_blank\" rel=\"noreferrer noopener\">editou uma medida provis\u00f3ria<\/a>&nbsp;que refor\u00e7a a isen\u00e7\u00e3o de impostos e o sigilo banc\u00e1rio sobre o Pix, princ\u00edpios j\u00e1 garantidos pela Constitui\u00e7\u00e3o. A MP tamb\u00e9m pro\u00edbe a cobran\u00e7a de pre\u00e7os diferenciados pelo com\u00e9rcio para transa\u00e7\u00f5es via Pix.&nbsp;<a href=\"https:\/\/agenciabrasil.ebc.com.br\/economia\/noticia\/2025-01\/receita-esclarece-que-nao-cobrara-imposto-por-pix\" target=\"_blank\" rel=\"noreferrer noopener\">Embora a Receita Federal tenha esclarecido<\/a>&nbsp;que a instru\u00e7\u00e3o normativa n\u00e3o acarretaria cobran\u00e7a de impostos pelo Pix, o crescimento na circula\u00e7\u00e3o de&nbsp;<em>fake news<\/em>&nbsp;sobre o tema for\u00e7ou o cancelamento das novas regras.<br><\/p>\n","protected":false},"excerpt":{"rendered":"<p>Volume de transfer\u00eancias havia ca\u00eddo em meio a onda de fake news Por Wellton M\u00e1ximo<\/p>\n","protected":false},"author":2,"featured_media":98169,"comment_status":"open","ping_status":"open","sticky":false,"template":"","format":"standard","meta":{"footnotes":""},"categories":[17],"tags":[],"class_list":["post-98168","post","type-post","status-publish","format-standard","has-post-thumbnail","hentry","category-outras-noticias"],"_links":{"self":[{"href":"https:\/\/tvc16.com\/portal\/wp-json\/wp\/v2\/posts\/98168","targetHints":{"allow":["GET"]}}],"collection":[{"href":"https:\/\/tvc16.com\/portal\/wp-json\/wp\/v2\/posts"}],"about":[{"href":"https:\/\/tvc16.com\/portal\/wp-json\/wp\/v2\/types\/post"}],"author":[{"embeddable":true,"href":"https:\/\/tvc16.com\/portal\/wp-json\/wp\/v2\/users\/2"}],"replies":[{"embeddable":true,"href":"https:\/\/tvc16.com\/portal\/wp-json\/wp\/v2\/comments?post=98168"}],"version-history":[{"count":1,"href":"https:\/\/tvc16.com\/portal\/wp-json\/wp\/v2\/posts\/98168\/revisions"}],"predecessor-version":[{"id":98170,"href":"https:\/\/tvc16.com\/portal\/wp-json\/wp\/v2\/posts\/98168\/revisions\/98170"}],"wp:featuredmedia":[{"embeddable":true,"href":"https:\/\/tvc16.com\/portal\/wp-json\/wp\/v2\/media\/98169"}],"wp:attachment":[{"href":"https:\/\/tvc16.com\/portal\/wp-json\/wp\/v2\/media?parent=98168"}],"wp:term":[{"taxonomy":"category","embeddable":true,"href":"https:\/\/tvc16.com\/portal\/wp-json\/wp\/v2\/categories?post=98168"},{"taxonomy":"post_tag","embeddable":true,"href":"https:\/\/tvc16.com\/portal\/wp-json\/wp\/v2\/tags?post=98168"}],"curies":[{"name":"wp","href":"https:\/\/api.w.org\/{rel}","templated":true}]}}