{"id":98174,"date":"2025-01-29T08:09:14","date_gmt":"2025-01-29T11:09:14","guid":{"rendered":"https:\/\/tvc16.com\/portal\/?p=98174"},"modified":"2025-01-29T08:09:56","modified_gmt":"2025-01-29T11:09:56","slug":"pf-apreende-arma-de-daniel-silveira-apos-determinacao-de-moraes","status":"publish","type":"post","link":"https:\/\/tvc16.com\/portal\/2025\/01\/29\/pf-apreende-arma-de-daniel-silveira-apos-determinacao-de-moraes\/","title":{"rendered":"PF apreende arma de Daniel Silveira ap\u00f3s determina\u00e7\u00e3o de Moraes"},"content":{"rendered":"\n<p><em>Pistola Taurus calibre 380 foi apreendida na casa dele, em Petr\u00f3polis<\/em><\/p>\n\n\n\n<p>Por Andr\u00e9 Richter &#8211; Rep\u00f3rter da Ag\u00eancia Brasil \/ Foto: Pol\u00edcia Federal<\/p>\n\n\n\n<p><\/p>\n\n\n\n<p>A Pol\u00edcia Federal (PF) apreendeu a arma de fogo utilizada pelo ex-deputado federal Daniel Silveira. A medida foi cumprida nesta segunda-feira (27) ap\u00f3s determina\u00e7\u00e3o do ministro do Supremo Tribunal Federal (STF) Alexandre de Moraes.<img decoding=\"async\" src=\"https:\/\/agenciabrasil.ebc.com.br\/ebc.png?id=1628193&amp;o=node\"><img decoding=\"async\" src=\"https:\/\/agenciabrasil.ebc.com.br\/ebc.gif?id=1628193&amp;o=node\"><\/p>\n\n\n\n<p>A pistola Taurus calibre 380 foi apreendida na casa de Silveira, localizada em Petr\u00f3polis (RJ). O ex-deputado tem porte de armamento por ser policial militar.<\/p>\n\n\n\n<p>Daniel Silveira voltou para a pris\u00e3o em dezembro do ano passado ap\u00f3s Alexandre de Moraes entender que ele violou medidas cautelares durante o cumprimento do livramento condicional.<\/p>\n\n\n\n<p>Segundo o ministro, o ex-parlamentar descumpriu o prazo que estabelecia o hor\u00e1rio das 22h para recolhimento noturno. A medida foi estabelecida no livramento condicional, benef\u00edcio que foi revogado por Moraes ap\u00f3s o epis\u00f3dio. Segundo o ministro, Daniel Silveira ainda deu entrada em um hospital, sem autoriza\u00e7\u00e3o judicial.<\/p>\n\n\n\n<p>Em 2023, o ex-deputado foi condenado pelo STF a oito anos e nove meses de pris\u00e3o pelos crimes de tentativa de impedir o livre exerc\u00edcio dos poderes e coa\u00e7\u00e3o no curso do processo ao proferir ofensas e amea\u00e7as contra os ministros da Corte.<\/p>\n\n\n\n<p>Em dezembro de 2024, Moraes autorizou o livramento condicional da pena, mas o benef\u00edcio foi revogado ap\u00f3s o descumprimento das medidas cautelares.<br><\/p>\n","protected":false},"excerpt":{"rendered":"<p>Pistola Taurus calibre 380 foi apreendida na casa dele, em Petr\u00f3polis Por Andr\u00e9 Richter &#8211;<\/p>\n","protected":false},"author":2,"featured_media":98175,"comment_status":"open","ping_status":"open","sticky":false,"template":"","format":"standard","meta":{"footnotes":""},"categories":[12],"tags":[],"class_list":["post-98174","post","type-post","status-publish","format-standard","has-post-thumbnail","hentry","category-cidade"],"_links":{"self":[{"href":"https:\/\/tvc16.com\/portal\/wp-json\/wp\/v2\/posts\/98174","targetHints":{"allow":["GET"]}}],"collection":[{"href":"https:\/\/tvc16.com\/portal\/wp-json\/wp\/v2\/posts"}],"about":[{"href":"https:\/\/tvc16.com\/portal\/wp-json\/wp\/v2\/types\/post"}],"author":[{"embeddable":true,"href":"https:\/\/tvc16.com\/portal\/wp-json\/wp\/v2\/users\/2"}],"replies":[{"embeddable":true,"href":"https:\/\/tvc16.com\/portal\/wp-json\/wp\/v2\/comments?post=98174"}],"version-history":[{"count":1,"href":"https:\/\/tvc16.com\/portal\/wp-json\/wp\/v2\/posts\/98174\/revisions"}],"predecessor-version":[{"id":98176,"href":"https:\/\/tvc16.com\/portal\/wp-json\/wp\/v2\/posts\/98174\/revisions\/98176"}],"wp:featuredmedia":[{"embeddable":true,"href":"https:\/\/tvc16.com\/portal\/wp-json\/wp\/v2\/media\/98175"}],"wp:attachment":[{"href":"https:\/\/tvc16.com\/portal\/wp-json\/wp\/v2\/media?parent=98174"}],"wp:term":[{"taxonomy":"category","embeddable":true,"href":"https:\/\/tvc16.com\/portal\/wp-json\/wp\/v2\/categories?post=98174"},{"taxonomy":"post_tag","embeddable":true,"href":"https:\/\/tvc16.com\/portal\/wp-json\/wp\/v2\/tags?post=98174"}],"curies":[{"name":"wp","href":"https:\/\/api.w.org\/{rel}","templated":true}]}}