{"id":98177,"date":"2025-01-29T08:20:00","date_gmt":"2025-01-29T11:20:00","guid":{"rendered":"https:\/\/tvc16.com\/portal\/?p=98177"},"modified":"2025-01-29T08:22:04","modified_gmt":"2025-01-29T11:22:04","slug":"rio-vai-ampliar-faixa-etaria-para-vacinacao-da-dengue-para-16-anos","status":"publish","type":"post","link":"https:\/\/tvc16.com\/portal\/2025\/01\/29\/rio-vai-ampliar-faixa-etaria-para-vacinacao-da-dengue-para-16-anos\/","title":{"rendered":"Rio vai ampliar faixa et\u00e1ria para vacina\u00e7\u00e3o da dengue para 16 anos"},"content":{"rendered":"\n<p><em>Prefeitura tem cem mil doses de vacina em estoque<\/em><\/p>\n\n\n\n<p>Por Ana Cristina Campos \u2013 Rep\u00f3rter da Ag\u00eancia Brasil \/ Foto: Jos\u00e9 Cruz\/Ag\u00eancia Brasil\/Arquivo<\/p>\n\n\n\n<p><\/p>\n\n\n\n<p>O secret\u00e1rio municipal de Sa\u00fade do Rio, Daniel Soranz, disse nesta ter\u00e7a-feira (28) que a prefeitura vai ampliar, a partir de fevereiro, a faixa et\u00e1ria para quem pode se vacinar contra a dengue de 10 a 14 anos para 10 a 16 anos. Segundo ele, a prefeitura tem cem mil doses de vacina em estoque para pessoas que deveriam ter ido se vacinar e que n\u00e3o voltaram para a segunda dose.<img decoding=\"async\" src=\"https:\/\/agenciabrasil.ebc.com.br\/ebc.png?id=1628184&amp;o=node\"><img decoding=\"async\" src=\"https:\/\/agenciabrasil.ebc.com.br\/ebc.gif?id=1628184&amp;o=node\"><\/p>\n\n\n\n<p>\u201cDengue \u00e9 sempre uma preocupa\u00e7\u00e3o no ver\u00e3o, mas este ano temos n\u00fameros muito menores do que ano passado, quando tivemos uma epidemia na cidade do Rio e no Brasil. Temos uma preocupa\u00e7\u00e3o grande porque o n\u00famero cresce em S\u00e3o Paulo, que j\u00e1 tem 58 mil casos, e tem a dengue tipo 3 circulando, que pode chegar ao Rio a qualquer momento\u201d, disse Soranz durante a coletiva de apresenta\u00e7\u00e3o do plano operacional para o carnaval de rua da capital.<\/p>\n\n\n\n<p>A Secretaria Municipal de Sa\u00fade do Rio confirmou nesta segunda-feira (27) a&nbsp;<a href=\"https:\/\/agenciabrasil.ebc.com.br\/saude\/noticia\/2025-01\/rio-de-janeiro-confirma-primeira-morte-por-dengue-este-ano\">primeira morte por dengue ocorrida na cidade<\/a>. A v\u00edtima \u00e9 um homem de 38 anos de idade, morador de Campo Grande, na zona oeste da capital. Foram registrados cerca de mil casos de dengue no munic\u00edpio.<br><\/p>\n","protected":false},"excerpt":{"rendered":"<p>Prefeitura tem cem mil doses de vacina em estoque Por Ana Cristina Campos \u2013 Rep\u00f3rter<\/p>\n","protected":false},"author":2,"featured_media":98178,"comment_status":"open","ping_status":"open","sticky":false,"template":"","format":"standard","meta":{"footnotes":""},"categories":[17],"tags":[],"class_list":["post-98177","post","type-post","status-publish","format-standard","has-post-thumbnail","hentry","category-outras-noticias"],"_links":{"self":[{"href":"https:\/\/tvc16.com\/portal\/wp-json\/wp\/v2\/posts\/98177","targetHints":{"allow":["GET"]}}],"collection":[{"href":"https:\/\/tvc16.com\/portal\/wp-json\/wp\/v2\/posts"}],"about":[{"href":"https:\/\/tvc16.com\/portal\/wp-json\/wp\/v2\/types\/post"}],"author":[{"embeddable":true,"href":"https:\/\/tvc16.com\/portal\/wp-json\/wp\/v2\/users\/2"}],"replies":[{"embeddable":true,"href":"https:\/\/tvc16.com\/portal\/wp-json\/wp\/v2\/comments?post=98177"}],"version-history":[{"count":1,"href":"https:\/\/tvc16.com\/portal\/wp-json\/wp\/v2\/posts\/98177\/revisions"}],"predecessor-version":[{"id":98179,"href":"https:\/\/tvc16.com\/portal\/wp-json\/wp\/v2\/posts\/98177\/revisions\/98179"}],"wp:featuredmedia":[{"embeddable":true,"href":"https:\/\/tvc16.com\/portal\/wp-json\/wp\/v2\/media\/98178"}],"wp:attachment":[{"href":"https:\/\/tvc16.com\/portal\/wp-json\/wp\/v2\/media?parent=98177"}],"wp:term":[{"taxonomy":"category","embeddable":true,"href":"https:\/\/tvc16.com\/portal\/wp-json\/wp\/v2\/categories?post=98177"},{"taxonomy":"post_tag","embeddable":true,"href":"https:\/\/tvc16.com\/portal\/wp-json\/wp\/v2\/tags?post=98177"}],"curies":[{"name":"wp","href":"https:\/\/api.w.org\/{rel}","templated":true}]}}