{"id":98183,"date":"2025-01-29T08:27:33","date_gmt":"2025-01-29T11:27:33","guid":{"rendered":"https:\/\/tvc16.com\/portal\/?p=98183"},"modified":"2025-01-29T08:27:35","modified_gmt":"2025-01-29T11:27:35","slug":"carnaval-de-rua-do-rio-esperar-receber-6-milhoes-de-folioes","status":"publish","type":"post","link":"https:\/\/tvc16.com\/portal\/2025\/01\/29\/carnaval-de-rua-do-rio-esperar-receber-6-milhoes-de-folioes\/","title":{"rendered":"Carnaval de rua do Rio esperar receber 6 milh\u00f5es de foli\u00f5es"},"content":{"rendered":"\n<p><em>Dois megablocos foram cancelados: o Lexa e o Bloco da Preta<\/em><\/p>\n\n\n\n<p>Por Ana Cristina Campos &#8211; Rep\u00f3rter da Ag\u00eancia Brasil \/ Foto: Tomaz Silva\/Ag\u00eancia Brasil<\/p>\n\n\n\n<p><\/p>\n\n\n\n<p>O carnaval de rua do Rio de Janeiro ter\u00e1 482 blocos e espera receber 6 milh\u00f5es de foli\u00f5es. Dois&nbsp;<a href=\"https:\/\/agenciabrasil.ebc.com.br\/cultura\/noticia\/2025-01\/megablocos-de-carnaval-do-rio-tem-dia-hora-e-local-definidos\" target=\"_blank\" rel=\"noreferrer noopener\">megablocos<\/a>&nbsp;foram cancelados, o Bloco da Lexa, que seria dia 16 de fevereiro, e o Bloco da Preta, que seria dia 23 de fevereiro, por quest\u00f5es de sa\u00fade das artistas.<img decoding=\"async\" src=\"https:\/\/agenciabrasil.ebc.com.br\/ebc.png?id=1628179&amp;o=node\"><img decoding=\"async\" src=\"https:\/\/agenciabrasil.ebc.com.br\/ebc.gif?id=1628179&amp;o=node\"><\/p>\n\n\n\n<p>\u201cS\u00e3o 482 blocos pr\u00e9-cadastrados, j\u00e1 com autoriza\u00e7\u00e3o, s\u00f3 dependendo de cumprir as exig\u00eancias dos \u00f3rg\u00e3os para sa\u00edrem nos seus desfiles. A estrutura dos grandes, m\u00e9dios blocos e at\u00e9 dos pequenos, no nosso caderno de encargos, prev\u00ea banheiro qu\u00edmico e toda a infraestrutura para o&nbsp;foli\u00e3o ter seguran\u00e7a n\u00e3o s\u00f3 durante o cortejo mas quando precisar ir o banheiro. Ent\u00e3o essa estrutura est\u00e1 sendo oferecida para toda a cidade\u201d, disse o presidente da Empresa de Turismo do Munic\u00edpio do Rio de Janeiro (Riotur), Bernardo Fellows, na apresenta\u00e7\u00e3o do plano operacional da prefeitura para o carnaval de rua.<\/p>\n\n\n\n<p>Cinco drones v\u00e3o monitorar os megablocos, gerando imagens dos percursos em \u00e1reas consideradas de sombra, ou seja, sem cobertura de c\u00e2meras. Mais de 3,8 mil c\u00e2meras v\u00e3o acompanhar os deslocamentos dos principais blocos e megablocos.<\/p>\n\n\n\n<p>Na opera\u00e7\u00e3o da \u00e1rea de sa\u00fade, ser\u00e3o quatro postos m\u00e9dicos com infraestrutura completa nos bairros da G\u00e1vea, Barra da Tijuca, do Recreio&nbsp;e Aterro do Flamengo e quatro postos pr\u00e9-hospitalares sendo dois no centro, um em Copacabana e um em Ipanema. Tamb\u00e9m haver\u00e1 24 poltronas de hidrata\u00e7\u00e3o e 157 ambul\u00e2ncias avan\u00e7adas.<\/p>\n\n\n\n<p>\u201cA recomenda\u00e7\u00e3o \u00e9 aumentar a ingest\u00e3o de \u00e1gua, dar prefer\u00eancia ao uso de roupas leves, aten\u00e7\u00e3o ao uso de produtos cosm\u00e9ticos e capilares que possam causar alergia e usar&nbsp;protetor solar\u201d, disse o secret\u00e1rio de Sa\u00fade, Daniel Soranz.<\/p>\n\n\n\n<p>Outras recomenda\u00e7\u00f5es dos \u00f3rg\u00e3o da prefeitura s\u00e3o priorizar o transporte p\u00fablico, respeitar os locais de proibi\u00e7\u00e3o de estacionamento e chegar com anteced\u00eancia aos desfiles.<\/p>\n\n\n\n<p>Quanto \u00e0s\u00a0<a href=\"https:\/\/agenciabrasil.ebc.com.br\/geral\/noticia\/2025-01\/exigencias-e-burocracia-dificultam-blocos-do-carnaval-do-rio\" target=\"_blank\" rel=\"noreferrer noopener\">exig\u00eancias e burocracias<\/a>\u00a0que os blocos tradicionais est\u00e3o reclamando para poder desfilar, o presidente da Riotur afirmou que as exig\u00eancias s\u00e3o importantes para garantir a seguran\u00e7a e a opera\u00e7\u00e3o de toda a cidade. \u201cTem exig\u00eancias municipais e estaduais, como Corpo de Bombeiros, Pol\u00edcia Militar, pr\u00e9-cadastro, informar trajeto, p\u00fablico, hor\u00e1rio. Sempre teve exig\u00eancias e sempre os blocos conseguiram, em\u00a0sua grande maioria, cumprir isso e desfilar\u201d.<br><\/p>\n","protected":false},"excerpt":{"rendered":"<p>Dois megablocos foram cancelados: o Lexa e o Bloco da Preta Por Ana Cristina Campos<\/p>\n","protected":false},"author":2,"featured_media":98184,"comment_status":"open","ping_status":"open","sticky":false,"template":"","format":"standard","meta":{"footnotes":""},"categories":[17],"tags":[],"class_list":["post-98183","post","type-post","status-publish","format-standard","has-post-thumbnail","hentry","category-outras-noticias"],"_links":{"self":[{"href":"https:\/\/tvc16.com\/portal\/wp-json\/wp\/v2\/posts\/98183","targetHints":{"allow":["GET"]}}],"collection":[{"href":"https:\/\/tvc16.com\/portal\/wp-json\/wp\/v2\/posts"}],"about":[{"href":"https:\/\/tvc16.com\/portal\/wp-json\/wp\/v2\/types\/post"}],"author":[{"embeddable":true,"href":"https:\/\/tvc16.com\/portal\/wp-json\/wp\/v2\/users\/2"}],"replies":[{"embeddable":true,"href":"https:\/\/tvc16.com\/portal\/wp-json\/wp\/v2\/comments?post=98183"}],"version-history":[{"count":1,"href":"https:\/\/tvc16.com\/portal\/wp-json\/wp\/v2\/posts\/98183\/revisions"}],"predecessor-version":[{"id":98185,"href":"https:\/\/tvc16.com\/portal\/wp-json\/wp\/v2\/posts\/98183\/revisions\/98185"}],"wp:featuredmedia":[{"embeddable":true,"href":"https:\/\/tvc16.com\/portal\/wp-json\/wp\/v2\/media\/98184"}],"wp:attachment":[{"href":"https:\/\/tvc16.com\/portal\/wp-json\/wp\/v2\/media?parent=98183"}],"wp:term":[{"taxonomy":"category","embeddable":true,"href":"https:\/\/tvc16.com\/portal\/wp-json\/wp\/v2\/categories?post=98183"},{"taxonomy":"post_tag","embeddable":true,"href":"https:\/\/tvc16.com\/portal\/wp-json\/wp\/v2\/tags?post=98183"}],"curies":[{"name":"wp","href":"https:\/\/api.w.org\/{rel}","templated":true}]}}