{"id":98190,"date":"2025-01-29T08:31:29","date_gmt":"2025-01-29T11:31:29","guid":{"rendered":"https:\/\/tvc16.com\/portal\/?p=98190"},"modified":"2025-01-29T08:31:52","modified_gmt":"2025-01-29T11:31:52","slug":"petropolis-recebe-visita-de-representantes-da-alianca-nacional-lgbti-e-do-grupo-arco-iris","status":"publish","type":"post","link":"https:\/\/tvc16.com\/portal\/2025\/01\/29\/petropolis-recebe-visita-de-representantes-da-alianca-nacional-lgbti-e-do-grupo-arco-iris\/","title":{"rendered":"Petr\u00f3polis recebe visita de representantes da Alian\u00e7a Nacional LGBTI e do Grupo Arco \u00cdris"},"content":{"rendered":"\n<p>Na semana em que se celebra o Dia Nacional da Visibilidade Trans, Petr\u00f3polis recebeu a visita de ativistas da Alian\u00e7a Nacional LGBTI e do Grupo Arco \u00cdris, que conheceram o Ambulat\u00f3rio Municipal Especializado em Sa\u00fade LGBTQIA+. A unidade foi considerada uma refer\u00eancia devido \u00e0 sua estrutura e acolhimento, sendo elogiada pelas pr\u00e1ticas adotadas para atender \u00e0s necessidades dessa popula\u00e7\u00e3o.<\/p>\n\n\n\n<p>O prefeito Hingo Hammes destacou a import\u00e2ncia do munic\u00edpio na promo\u00e7\u00e3o dos direitos humanos e da inclus\u00e3o. \u201c\u00c9 um grande orgulho saber que Petr\u00f3polis \u00e9 reconhecida como refer\u00eancia no atendimento \u00e0s pessoas LGBTI+. Estamos trabalhando para garantir que todos os cidad\u00e3os tenham acesso a cuidados de sa\u00fade dignos e respeitosos\u201d, afirmou o prefeito.<\/p>\n\n\n\n<p>A visita proporcionou um momento de troca de experi\u00eancias e reafirma\u00e7\u00e3o do compromisso da cidade com os direitos e a cidadania da comunidade LGBTI+. \u201cPetr\u00f3polis \u00e9 um exemplo de como um munic\u00edpio pode contribuir para a inclus\u00e3o e o respeito \u00e0 diversidade\u201d, disse o secret\u00e1rio de Sa\u00fade, Luis Cruzick.<\/p>\n\n\n\n<p>Durante o encontro, foi destacado o cuidado com a divis\u00e3o do espa\u00e7o f\u00edsico do ambulat\u00f3rio, que visa garantir condi\u00e7\u00f5es adequadas para um atendimento digno. Al\u00e9m disso, os ativistas elogiaram a utiliza\u00e7\u00e3o de formul\u00e1rios bem elaborados, que permitem mapear as especificidades da popula\u00e7\u00e3o LGBTI+, e a realiza\u00e7\u00e3o de atividades pedag\u00f3gicas inclusivas tanto para os assistidos quanto para suas fam\u00edlias. \u201cO cuidado no planejamento e execu\u00e7\u00e3o dessas a\u00e7\u00f5es \u00e9 fundamental para garantir que as pessoas LGBTI+ se sintam respeitadas e acolhidas no ambiente de sa\u00fade\u201d, afirmou Patr\u00edcia Esteves, vice-presidente do Grupo Arco \u00cdris.<\/p>\n\n\n\n<p>Outro ponto positivo identificado foi o fortalecimento da rede de apoio local, com parcerias importantes, como a colabora\u00e7\u00e3o com o Centro de Cidadania LGBTI+ do Governo do Estado. Os representantes destacaram que as boas pr\u00e1ticas do ambulat\u00f3rio podem servir de exemplo para outros munic\u00edpios. \u201cEsse reconhecimento \u00e9 fundamental, pois demonstra que estamos no caminho certo, oferecendo um atendimento especializado e acolhedor. Isso refor\u00e7a nosso compromisso em garantir que a popula\u00e7\u00e3o LGBTI+ tenha acesso \u00e0 sa\u00fade com dignidade e respeito\u201d, afirmou Felipe Silveira, coordenador do ambulat\u00f3rio.<\/p>\n\n\n\n<p>Al\u00e9m de Patr\u00edcia Esteves, tamb\u00e9m estiveram presentes Cl\u00e1udio Nascimento, presidente do Grupo Arco \u00cdris e diretor de Pol\u00edticas P\u00fablicas da Alian\u00e7a Nacional LGBTI+, Paloma Moreira, coordenadora do Centro Comunit\u00e1rio LGBTI+, e Giovana Ventura, representante LGBTI+ de Teres\u00f3polis.<br>O Ambulat\u00f3rio Municipal Especializado em Sa\u00fade LGBTQIA+ est\u00e1 localizado na Avenida Sete de Abril, 374, no Centro, e oferece acolhimento sem a necessidade de agendamento pr\u00e9vio.<\/p>\n","protected":false},"excerpt":{"rendered":"<p>Na semana em que se celebra o Dia Nacional da Visibilidade Trans, Petr\u00f3polis recebeu a<\/p>\n","protected":false},"author":2,"featured_media":98191,"comment_status":"open","ping_status":"open","sticky":false,"template":"","format":"standard","meta":{"footnotes":""},"categories":[12],"tags":[],"class_list":["post-98190","post","type-post","status-publish","format-standard","has-post-thumbnail","hentry","category-cidade"],"_links":{"self":[{"href":"https:\/\/tvc16.com\/portal\/wp-json\/wp\/v2\/posts\/98190","targetHints":{"allow":["GET"]}}],"collection":[{"href":"https:\/\/tvc16.com\/portal\/wp-json\/wp\/v2\/posts"}],"about":[{"href":"https:\/\/tvc16.com\/portal\/wp-json\/wp\/v2\/types\/post"}],"author":[{"embeddable":true,"href":"https:\/\/tvc16.com\/portal\/wp-json\/wp\/v2\/users\/2"}],"replies":[{"embeddable":true,"href":"https:\/\/tvc16.com\/portal\/wp-json\/wp\/v2\/comments?post=98190"}],"version-history":[{"count":1,"href":"https:\/\/tvc16.com\/portal\/wp-json\/wp\/v2\/posts\/98190\/revisions"}],"predecessor-version":[{"id":98192,"href":"https:\/\/tvc16.com\/portal\/wp-json\/wp\/v2\/posts\/98190\/revisions\/98192"}],"wp:featuredmedia":[{"embeddable":true,"href":"https:\/\/tvc16.com\/portal\/wp-json\/wp\/v2\/media\/98191"}],"wp:attachment":[{"href":"https:\/\/tvc16.com\/portal\/wp-json\/wp\/v2\/media?parent=98190"}],"wp:term":[{"taxonomy":"category","embeddable":true,"href":"https:\/\/tvc16.com\/portal\/wp-json\/wp\/v2\/categories?post=98190"},{"taxonomy":"post_tag","embeddable":true,"href":"https:\/\/tvc16.com\/portal\/wp-json\/wp\/v2\/tags?post=98190"}],"curies":[{"name":"wp","href":"https:\/\/api.w.org\/{rel}","templated":true}]}}