{"id":98193,"date":"2025-01-29T08:34:28","date_gmt":"2025-01-29T11:34:28","guid":{"rendered":"https:\/\/tvc16.com\/portal\/?p=98193"},"modified":"2025-01-29T08:35:13","modified_gmt":"2025-01-29T11:35:13","slug":"secretaria-de-obras-vai-realizar-obra-emergencial-de-recuperacao-de-ponte-no-bingen","status":"publish","type":"post","link":"https:\/\/tvc16.com\/portal\/2025\/01\/29\/secretaria-de-obras-vai-realizar-obra-emergencial-de-recuperacao-de-ponte-no-bingen\/","title":{"rendered":"Secretaria de Obras vai realizar obra emergencial de recupera\u00e7\u00e3o de ponte no Bingen"},"content":{"rendered":"\n<p><em>A estrutura foi danificada pela chuva e cedeu na \u00faltima sexta-feira (24)<\/em><\/p>\n\n\n\n<p>A Prefeitura de Petr\u00f3polis, por meio da secretaria de Obras, vai fazer uma obra emergencial de recupera\u00e7\u00e3o da ponte de acesso \u00e0 rua Eduardo Troyack, no Bingen. A estrutura cedeu parcialmente com a chuva na \u00faltima sexta-feira (24).<\/p>\n\n\n\n<p>\u201cFoi realizada uma vistoria t\u00e9cnica pelos \u00f3rg\u00e3os da Defesa Civil, a CPTrans e uma equipe t\u00e9cnica da secretaria de Obras para a avaliar a situa\u00e7\u00e3o da ponte no fim da semana passada. A passagem ainda est\u00e1 permitida para pedestres e carros de pequeno porte, mas foi constatada a necessidade de uma reconstru\u00e7\u00e3o da ponte, o que ser\u00e1 iniciada em breve&#8221; destacou o prefeito Hingo Hammes.<\/p>\n\n\n\n<p>O projeto e o or\u00e7amento da obra est\u00e3o sendo levantados pela secretaria de Obras. A previs\u00e3o de que o trabalho dure de 30 a 45.<\/p>\n\n\n\n<p>&#8220;Ser\u00e3o instaladas vigas met\u00e1licas, que tem uma montagem mais r\u00e1pida. Al\u00e9m disso, ser\u00e1 feita pavimenta\u00e7\u00e3o com concreto. Tamb\u00e9m ser\u00e1 necess\u00e1ria a reconstru\u00e7\u00e3o de parte da estrutura da margem com muro gabi\u00e3o&#8221;, informou o secret\u00e1rio de Obras, Maur\u00edcio Veiga, que disse ainda que a equipe t\u00e9cnica identificou que a estrutura da ponte atual acaba gerando problemas na passagem do rio no trecho. &#8220;Ela gera um estreitamento, que dificulta a passagem da \u00e1gua. Com a nova ponte, essa estrutura ser\u00e1 modificada para recuperar o curso natural do rio&#8221;.<\/p>\n","protected":false},"excerpt":{"rendered":"<p>A estrutura foi danificada pela chuva e cedeu na \u00faltima sexta-feira (24) A Prefeitura de<\/p>\n","protected":false},"author":2,"featured_media":98194,"comment_status":"open","ping_status":"open","sticky":false,"template":"","format":"standard","meta":{"footnotes":""},"categories":[12],"tags":[],"class_list":["post-98193","post","type-post","status-publish","format-standard","has-post-thumbnail","hentry","category-cidade"],"_links":{"self":[{"href":"https:\/\/tvc16.com\/portal\/wp-json\/wp\/v2\/posts\/98193","targetHints":{"allow":["GET"]}}],"collection":[{"href":"https:\/\/tvc16.com\/portal\/wp-json\/wp\/v2\/posts"}],"about":[{"href":"https:\/\/tvc16.com\/portal\/wp-json\/wp\/v2\/types\/post"}],"author":[{"embeddable":true,"href":"https:\/\/tvc16.com\/portal\/wp-json\/wp\/v2\/users\/2"}],"replies":[{"embeddable":true,"href":"https:\/\/tvc16.com\/portal\/wp-json\/wp\/v2\/comments?post=98193"}],"version-history":[{"count":1,"href":"https:\/\/tvc16.com\/portal\/wp-json\/wp\/v2\/posts\/98193\/revisions"}],"predecessor-version":[{"id":98195,"href":"https:\/\/tvc16.com\/portal\/wp-json\/wp\/v2\/posts\/98193\/revisions\/98195"}],"wp:featuredmedia":[{"embeddable":true,"href":"https:\/\/tvc16.com\/portal\/wp-json\/wp\/v2\/media\/98194"}],"wp:attachment":[{"href":"https:\/\/tvc16.com\/portal\/wp-json\/wp\/v2\/media?parent=98193"}],"wp:term":[{"taxonomy":"category","embeddable":true,"href":"https:\/\/tvc16.com\/portal\/wp-json\/wp\/v2\/categories?post=98193"},{"taxonomy":"post_tag","embeddable":true,"href":"https:\/\/tvc16.com\/portal\/wp-json\/wp\/v2\/tags?post=98193"}],"curies":[{"name":"wp","href":"https:\/\/api.w.org\/{rel}","templated":true}]}}