{"id":98196,"date":"2025-01-29T10:35:36","date_gmt":"2025-01-29T13:35:36","guid":{"rendered":"https:\/\/tvc16.com\/portal\/?p=98196"},"modified":"2025-01-29T10:35:39","modified_gmt":"2025-01-29T13:35:39","slug":"professora-da-rede-municipal-faz-capacitacao-em-sao-paulo-para-atuar-nos-nucleos-paralimpicos","status":"publish","type":"post","link":"https:\/\/tvc16.com\/portal\/2025\/01\/29\/professora-da-rede-municipal-faz-capacitacao-em-sao-paulo-para-atuar-nos-nucleos-paralimpicos\/","title":{"rendered":"Professora da rede municipal faz capacita\u00e7\u00e3o em S\u00e3o Paulo para atuar nos n\u00facleos paral\u00edmpicos"},"content":{"rendered":"\n<p>A professora Fernanda Essinger de Oliveira Ferreira participou do Curso de Habilita\u00e7\u00e3o T\u00e9cnica de Nata\u00e7\u00e3o, realizado no Centro Paral\u00edmpico Brasileiro (CPB), em S\u00e3o Paulo. Fernanda atua nos dois n\u00facleos paraol\u00edmpicos da Prefeitura \u2013 na E.M. Monsenhor Jo\u00e3o de Deus Rodrigues (Pedro do Rio) e na E.M. F\u00e1brica do Saber (Estrada da Saudade), que atendem mais de 100 alunos e alunas.<\/p>\n\n\n\n<p>A capacita\u00e7\u00e3o, que aconteceu entre os dias 20 de 25 de janeiro, foi na modalidade de nata\u00e7\u00e3o e ministrada por t\u00e9cnicos da sele\u00e7\u00e3o brasileira ligados ao Comit\u00ea Paral\u00edmpico Brasileiro (CPB). O objetivo foi capacitar cada vez mais os profissionais que atuam nos centros de refer\u00eancia de todo o pa\u00eds. \u201cInvestir no esporte \u00e9 ajudar a transformar vidas\u201d, ressaltou o prefeito Hingo Hammes.<\/p>\n\n\n\n<p>\u201cFoi uma grande aprendizagem, n\u00e3o s\u00f3 para a minha profiss\u00e3o, mas para a minha vida. Com certeza, a vasta experi\u00eancia de professores renomados na \u00e1rea do esporte para deficientes, seus ensinamentos ser\u00e3o muito aproveitados nas minhas aulas. Sou muito grata por esta oportunidade e continuarei estudando para aprender sempre mais\u201d, comentou a professora Fernanda Essinger de Oliveira Ferreira, que atua no n\u00facleo de Pedro do Rio.<\/p>\n\n\n\n<p>Os dois n\u00facleos, parceria entre a Prefeitura de Petr\u00f3polis e o CPB, contam com aulas gratuitas de bocha e nata\u00e7\u00e3o. \u201cO Centro de Refer\u00eancia Paral\u00edmpico Brasileiro, tem como objetivo aproveitar espa\u00e7os esportivos em estados de todas as regi\u00f5es do pa\u00eds para oferecer modalidades paral\u00edmpicas, desde a inicia\u00e7\u00e3o at\u00e9 o alto rendimento. O esporte tem sido uma importante ferramenta quando o assunto \u00e9 inclus\u00e3o social. Al\u00e9m de promover a conviv\u00eancia em grupo, atividades desse tipo ajudam no crescimento pessoal, na percep\u00e7\u00e3o da participa\u00e7\u00e3o de cada um na sociedade, no aprimoramento da disciplina, do respeito ao pr\u00f3ximo, na autonomia de cada um entre diversos outros aspectos\u201d, disse o coordenador do Centro de Refer\u00eancia, Alex Lautherbach.<\/p>\n\n\n\n<p><strong>Servi\u00e7o:<br><\/strong>N\u00facleos Paral\u00edmp\u00edcos<br>E.M. Monsenhor Jo\u00e3o de Deus Rodrigues \u2013 Pedro do Rio<br>Sextas-feiras, das 8h \u00e0s 17h<\/p>\n\n\n\n<p>E.M. F\u00e1brica do Saber \u2013 Estrada da Saudade<br>Segundas-feiras, das 8h \u00e0s 17h<\/p>\n\n\n\n<p>Inscri\u00e7\u00f5es abertas a partir do dia 3 de fevereiro nas pr\u00f3prias escolas.<\/p>\n\n\n\n<p>Documenta\u00e7\u00e3o: Atestado m\u00e9dico com laudo, atestado liberando a pr\u00e1tica de atividades f\u00edsicas e o CID do aluno\/aluna.<br>Podem participar pessoas com defici\u00eancias f\u00edsicas e intelectuais com idade entre 5 a 50 anos.<\/p>\n","protected":false},"excerpt":{"rendered":"<p>A professora Fernanda Essinger de Oliveira Ferreira participou do Curso de Habilita\u00e7\u00e3o T\u00e9cnica de Nata\u00e7\u00e3o,<\/p>\n","protected":false},"author":2,"featured_media":98197,"comment_status":"open","ping_status":"open","sticky":false,"template":"","format":"standard","meta":{"footnotes":""},"categories":[12],"tags":[],"class_list":["post-98196","post","type-post","status-publish","format-standard","has-post-thumbnail","hentry","category-cidade"],"_links":{"self":[{"href":"https:\/\/tvc16.com\/portal\/wp-json\/wp\/v2\/posts\/98196","targetHints":{"allow":["GET"]}}],"collection":[{"href":"https:\/\/tvc16.com\/portal\/wp-json\/wp\/v2\/posts"}],"about":[{"href":"https:\/\/tvc16.com\/portal\/wp-json\/wp\/v2\/types\/post"}],"author":[{"embeddable":true,"href":"https:\/\/tvc16.com\/portal\/wp-json\/wp\/v2\/users\/2"}],"replies":[{"embeddable":true,"href":"https:\/\/tvc16.com\/portal\/wp-json\/wp\/v2\/comments?post=98196"}],"version-history":[{"count":1,"href":"https:\/\/tvc16.com\/portal\/wp-json\/wp\/v2\/posts\/98196\/revisions"}],"predecessor-version":[{"id":98198,"href":"https:\/\/tvc16.com\/portal\/wp-json\/wp\/v2\/posts\/98196\/revisions\/98198"}],"wp:featuredmedia":[{"embeddable":true,"href":"https:\/\/tvc16.com\/portal\/wp-json\/wp\/v2\/media\/98197"}],"wp:attachment":[{"href":"https:\/\/tvc16.com\/portal\/wp-json\/wp\/v2\/media?parent=98196"}],"wp:term":[{"taxonomy":"category","embeddable":true,"href":"https:\/\/tvc16.com\/portal\/wp-json\/wp\/v2\/categories?post=98196"},{"taxonomy":"post_tag","embeddable":true,"href":"https:\/\/tvc16.com\/portal\/wp-json\/wp\/v2\/tags?post=98196"}],"curies":[{"name":"wp","href":"https:\/\/api.w.org\/{rel}","templated":true}]}}