{"id":98199,"date":"2025-01-29T12:43:29","date_gmt":"2025-01-29T15:43:29","guid":{"rendered":"https:\/\/tvc16.com\/portal\/?p=98199"},"modified":"2025-01-29T12:43:30","modified_gmt":"2025-01-29T15:43:30","slug":"sind-rodoviarios-se-reune-com-novo-diretor-presidente-da-cptrans","status":"publish","type":"post","link":"https:\/\/tvc16.com\/portal\/2025\/01\/29\/sind-rodoviarios-se-reune-com-novo-diretor-presidente-da-cptrans\/","title":{"rendered":"Sind. Rodovi\u00e1rios se re\u00fane com novo diretor-presidente da CPTrans"},"content":{"rendered":"\n<p>Na manh\u00e3 desta quarta-feira (29\/01), representantes da diretoria do Sindicato dos Trabalhadores em Transportes Rodovi\u00e1rios de Petr\u00f3polis (Sind. Rodovi\u00e1rios) estiveram na sede da Companhia Petropolitana de Tr\u00e2nsito e Transportes (CPTrans) para uma reuni\u00e3o com Luciano Moreira da Silva, novo diretor-presidente da institui\u00e7\u00e3o. O encontro teve como objetivo apresentar o hist\u00f3rico de lutas e reivindica\u00e7\u00f5es da categoria, al\u00e9m de estabelecer um canal de di\u00e1logo com a nova gest\u00e3o da Companhia.<\/p>\n\n\n\n<p>Durante a reuni\u00e3o, membros da equipe e diretores do sindicato destacaram a necessidade de enfrentar quest\u00f5es cr\u00edticas que afetam diretamente os trabalhadores do transporte p\u00fablico, como o atraso no pagamento dos sal\u00e1rios, do vale e da transfer\u00eancia dos recursos referentes ao vale-alimenta\u00e7\u00e3o. A diretoria da CPTrans ouviu as demandas e se comprometeu a analis\u00e1-las, abrindo a possibilidade de um trabalho conjunto para a busca de solu\u00e7\u00f5es.<\/p>\n\n\n\n<p>Para Glauco Paulino da Costa, presidente do sindicato, a reuni\u00e3o representa um passo importante na constru\u00e7\u00e3o de um relacionamento mais pr\u00f3ximo entre a CPTrans e os trabalhadores. \u201cEstamos esperan\u00e7osos de que a nova gest\u00e3o da CPTrans trabalhe em parceria com o Sind. Rodovi\u00e1rios, com o intuito de que os trabalhadores n\u00e3o continuem sofrendo com algumas demandas extremamente relevantes, como, por exemplo, o atraso no pagamento do sal\u00e1rio, entre outros\u201d, afirmou.<\/p>\n\n\n\n<p>Ao final do encontro, o sindicato j\u00e1 saiu com uma nova reuni\u00e3o agendada com o prefeito de Petr\u00f3polis, Hingo Hames, para o pr\u00f3ximo dia 6 de fevereiro. A diretoria da entidade v\u00ea esse agendamento como um sinal positivo de que suas demandas podem ser ouvidas com mais aten\u00e7\u00e3o e respeito pelo poder p\u00fablico, refor\u00e7ando a expectativa de avan\u00e7os concretos para a categoria.<\/p>\n\n\n\n<p>Foto: divulga\u00e7\u00e3o <\/p>\n","protected":false},"excerpt":{"rendered":"<p>Na manh\u00e3 desta quarta-feira (29\/01), representantes da diretoria do Sindicato dos Trabalhadores em Transportes Rodovi\u00e1rios<\/p>\n","protected":false},"author":2,"featured_media":98200,"comment_status":"open","ping_status":"open","sticky":false,"template":"","format":"standard","meta":{"footnotes":""},"categories":[12],"tags":[],"class_list":["post-98199","post","type-post","status-publish","format-standard","has-post-thumbnail","hentry","category-cidade"],"_links":{"self":[{"href":"https:\/\/tvc16.com\/portal\/wp-json\/wp\/v2\/posts\/98199","targetHints":{"allow":["GET"]}}],"collection":[{"href":"https:\/\/tvc16.com\/portal\/wp-json\/wp\/v2\/posts"}],"about":[{"href":"https:\/\/tvc16.com\/portal\/wp-json\/wp\/v2\/types\/post"}],"author":[{"embeddable":true,"href":"https:\/\/tvc16.com\/portal\/wp-json\/wp\/v2\/users\/2"}],"replies":[{"embeddable":true,"href":"https:\/\/tvc16.com\/portal\/wp-json\/wp\/v2\/comments?post=98199"}],"version-history":[{"count":1,"href":"https:\/\/tvc16.com\/portal\/wp-json\/wp\/v2\/posts\/98199\/revisions"}],"predecessor-version":[{"id":98201,"href":"https:\/\/tvc16.com\/portal\/wp-json\/wp\/v2\/posts\/98199\/revisions\/98201"}],"wp:featuredmedia":[{"embeddable":true,"href":"https:\/\/tvc16.com\/portal\/wp-json\/wp\/v2\/media\/98200"}],"wp:attachment":[{"href":"https:\/\/tvc16.com\/portal\/wp-json\/wp\/v2\/media?parent=98199"}],"wp:term":[{"taxonomy":"category","embeddable":true,"href":"https:\/\/tvc16.com\/portal\/wp-json\/wp\/v2\/categories?post=98199"},{"taxonomy":"post_tag","embeddable":true,"href":"https:\/\/tvc16.com\/portal\/wp-json\/wp\/v2\/tags?post=98199"}],"curies":[{"name":"wp","href":"https:\/\/api.w.org\/{rel}","templated":true}]}}