{"id":98208,"date":"2025-01-30T05:00:00","date_gmt":"2025-01-30T08:00:00","guid":{"rendered":"https:\/\/tvc16.com\/portal\/?p=98208"},"modified":"2025-01-29T14:39:31","modified_gmt":"2025-01-29T17:39:31","slug":"secretaria-de-cultura-de-teresopolis-abre-inscricao-para-450-vagas-em-10-cursos-gratuitos-na-casa-de-cultura-adolpho-bloch","status":"publish","type":"post","link":"https:\/\/tvc16.com\/portal\/2025\/01\/30\/secretaria-de-cultura-de-teresopolis-abre-inscricao-para-450-vagas-em-10-cursos-gratuitos-na-casa-de-cultura-adolpho-bloch\/","title":{"rendered":"Secretaria de Cultura de Teres\u00f3polis abre inscri\u00e7\u00e3o para 450 vagas em 10\u00a0cursos\u00a0gratuitos na Casa de Cultura Adolpho Bloch"},"content":{"rendered":"\n<p><em>As inscri\u00e7\u00f5es acontecer\u00e3o de 03 a 07 de fevereiro. As vagas ser\u00e3o preenchidas por Sorteio P\u00fablico<\/em><\/p>\n\n\n\n<p>\u00d3tima oportunidade para crian\u00e7as, jovens e adultos:&nbsp;de 03 a 07 de fevereiro, a&nbsp;Secretaria Municipal de Cultura estar\u00e1 com inscri\u00e7\u00f5es abertas&nbsp;para 10 cursos gratuitos realizados na Casa de Cultura Adolpho Bloch, em Araras.&nbsp;S\u00e3o oferecidas 450 vagas, que ser\u00e3o preenchidas por meio de Sorteio P\u00fablico.&nbsp;<\/p>\n\n\n\n<p>Como previsto na&nbsp;Lei Municipal 4.065\/2021, 70% das vagas s\u00e3o destinadas exclusivamente a alunos da rede p\u00fablica de ensino e pessoas de baixa renda comprovadamente e\/ou inscritas em programas sociais. As demais oportunidades s\u00e3o para ampla concorr\u00eancia.<\/p>\n\n\n\n<p>Publicado no Di\u00e1rio Oficial desta ter\u00e7a, 28\/01, o Edital n\u00ba 02\/2025 pode ser conferido pelo link&nbsp;<a rel=\"noreferrer noopener\" target=\"_blank\" href=\"https:\/\/na01.safelinks.protection.outlook.com\/?url=https%3A%2F%2Fatos.teresopolis.rj.gov.br%2Fdiario%2F%23%2Fdiario%2F2851&amp;data=05%7C02%7C%7Ce04d568272ee482ea07708dd4089876d%7C84df9e7fe9f640afb435aaaaaaaaaaaa%7C1%7C0%7C638737681975408526%7CUnknown%7CTWFpbGZsb3d8eyJFbXB0eU1hcGkiOnRydWUsIlYiOiIwLjAuMDAwMCIsIlAiOiJXaW4zMiIsIkFOIjoiTWFpbCIsIldUIjoyfQ%3D%3D%7C0%7C%7C%7C&amp;sdata=99FM8ByHPG0uQQLwp8SK2K0ByWjGtpZi3py94UDtII8%3D&amp;reserved=0\">https:\/\/atos.teresopolis.rj.gov.br\/diario\/#\/diario\/2851<\/a>.<\/p>\n\n\n\n<p>\u201c\u00c9 um n\u00famero expressivo de vagas para os nossos cursos gratuitos, \u00f3tima oportunidade para desenvolver habilidades, exercitar a criatividade e experimentar diversas t\u00e9cnicas art\u00edsticas. Inscrevam-se\u201d, convida o secret\u00e1rio municipal de Cultura, Wanderley Peres.<\/p>\n\n\n\n<p><strong>Inscri\u00e7\u00f5es:&nbsp;<\/strong>As inscri\u00e7\u00f5es presenciais acontecer\u00e3o de 03 a 07 de fevereiro, na Casa de Cultura Adolpho Bloch (Pra\u00e7a Juscelino Kubitschek, Araras), com&nbsp;atendimento das 8h \u00e0s 16h.&nbsp;Os inscritos receber\u00e3o um canhoto comprovando a inscri\u00e7\u00e3o, que dever\u00e1 ser apresentado no dia do Sorteio P\u00fablico das vagas.<\/p>\n\n\n\n<p><strong>Documentos:&nbsp;<\/strong>O&nbsp;candidato e o representante legal de menores de 18 anos dever\u00e3o apresentar c\u00f3pia dos seguintes documentos: documento de identifica\u00e7\u00e3o pessoal com foto e CPF;&nbsp;declara\u00e7\u00e3o escolar atualizada ou certificado de conclus\u00e3o;&nbsp;comprovante do N\u00famero de Identifica\u00e7\u00e3o Social (NIS), caso possua; comprovante de resid\u00eancia de Teres\u00f3polis (no pr\u00f3prio nome ou no nome do representante legal) e a ficha de inscri\u00e7\u00e3o, obtida no local, j\u00e1 preenchida.<\/p>\n\n\n\n<p><strong>Sorteio e resultado:&nbsp;<\/strong>O Sorteio P\u00fablico das vagas oferecidas ser\u00e1 realizado no dia 11 de fevereiro, \u00e0s 10h, no teatro da Casa de Cultura Adolpho Bloch. Para participar, o candidato,&nbsp; ou o representante legal, dever\u00e1 apresentar o comprovante da inscri\u00e7\u00e3o, junto com um documento de identifica\u00e7\u00e3o com foto, para receber o n\u00famero do sorteio. Quem n\u00e3o comparecer, ser\u00e1 eliminado do processo seletivo.<\/p>\n\n\n\n<p>A lista dos contemplados ser\u00e1 divulgada no dia 12 de fevereiro,&nbsp;no site da Prefeitura de Teres\u00f3polis (<a rel=\"noreferrer noopener\" target=\"_blank\" href=\"https:\/\/na01.safelinks.protection.outlook.com\/?url=http%3A%2F%2Fwww.teresopolis.rj.gov.br%2F&amp;data=05%7C02%7C%7Ce04d568272ee482ea07708dd4089876d%7C84df9e7fe9f640afb435aaaaaaaaaaaa%7C1%7C0%7C638737681975430034%7CUnknown%7CTWFpbGZsb3d8eyJFbXB0eU1hcGkiOnRydWUsIlYiOiIwLjAuMDAwMCIsIlAiOiJXaW4zMiIsIkFOIjoiTWFpbCIsIldUIjoyfQ%3D%3D%7C0%7C%7C%7C&amp;sdata=h7WiNkhyA%2BLlop2we9v4%2BEQBIGD9ff%2BmUO4bPw6zhcE%3D&amp;reserved=0\">www.teresopolis.rj.gov.br<\/a>) e no mural da Casa de Cultura.<\/p>\n\n\n\n<p><strong>Matr\u00edcula e in\u00edcio das aulas:&nbsp;<\/strong>A matr\u00edcula dos candidatos sorteados&nbsp;ser\u00e1 realizada&nbsp;de 12 a 14 de fevereiro,&nbsp;pelo pr\u00f3prio candidato ou pelo respons\u00e1vel legal, das 9h \u00e0s 16h, na Casa de Cultura Adolpho Bloch, mediante a apresenta\u00e7\u00e3o de&nbsp;uma foto 3&#215;4 atual. Quem n\u00e3o comparecer, perder\u00e1 a vaga.<\/p>\n\n\n\n<p>Confira os cursos:<\/p>\n\n\n\n<figure class=\"wp-block-table\"><table class=\"has-fixed-layout\"><tbody><tr><td><strong>Curso<\/strong><\/td><td><strong>Idade<\/strong><\/td><td><strong>Vagas<\/strong><\/td><td><strong>Dia<\/strong><\/td><td><strong>Hora<\/strong><\/td><\/tr><tr><td>Ballet Baby 5<\/td><td>5 anos<\/td><td>15<\/td><td>2\u00aa feira<\/td><td>18h \u00e0s 18h45<\/td><\/tr><tr><td>Ritmo<\/td><td>8 a 12 anos<\/td><td>15<\/td><td>4\u00aa feira<\/td><td>10h30 \u00e0s 11h15<\/td><\/tr><\/tbody><\/table><\/figure>\n\n\n\n<figure class=\"wp-block-table\"><table class=\"has-fixed-layout\"><tbody><tr><td>Ritmo<\/td><td>Acima 18 anos<\/td><td>15<\/td><td>2\u00aa e 4\u00aa feira<\/td><td>8h15 \u00e0s 9h<\/td><\/tr><tr><td>Ritmo<\/td><td>Acima 18 anos<\/td><td>15<\/td><td>2\u00aa feira<\/td><td>17h \u00e0s 17h45<\/td><\/tr><tr><td>Dan\u00e7a do Ventre<\/td><td>Acima 16 anos<\/td><td>20<\/td><td>S\u00e1bado<\/td><td>10h \u00e0s 11h<\/td><\/tr><tr><td>Percuss\u00e3o \u00c1rabe<\/td><td>A partir&nbsp; 12 anos<\/td><td>20<\/td><td>S\u00e1bado<\/td><td>11h \u00e0s 12h<\/td><\/tr><\/tbody><\/table><\/figure>\n\n\n\n<figure class=\"wp-block-table\"><table class=\"has-fixed-layout\"><tbody><tr><td>Dan\u00e7a Urbana<\/td><td>7 a 9 anos<\/td><td>20<\/td><td>6\u00aa feira<\/td><td>9h30 \u00e0s 10h25<\/td><\/tr><tr><td>Dan\u00e7a Urbana<\/td><td>10 a 12 anos<\/td><td>20<\/td><td>6\u00aa feira<\/td><td>10h30 \u00e0s 11h25<\/td><\/tr><tr><td>Dan\u00e7a Urbana<\/td><td>13 a 15 anos<\/td><td>20<\/td><td>6\u00aa feira<\/td><td>13h30 \u00e0s 14h25<\/td><\/tr><tr><td>Dan\u00e7a Urbana<\/td><td>15 a 17 anos<\/td><td>20<\/td><td>6\u00aa feira<\/td><td>14h30 \u00e0s 15h25<\/td><\/tr><tr><td>Dan\u00e7a Urbana<\/td><td>Acima 18 anos<\/td><td>20<\/td><td>6\u00aa feira<\/td><td>15h25 \u00e0s 16h25<\/td><\/tr><\/tbody><\/table><\/figure>\n\n\n\n<figure class=\"wp-block-table\"><table class=\"has-fixed-layout\"><tbody><tr><td>Teatro 3\u00aa Idade<\/td><td>Acima 50 anos<\/td><td>05<\/td><td>2\u00aa feira<\/td><td>9h \u00e0s 11h<\/td><\/tr><tr><td>Teatro<\/td><td>A partir 10 anos<\/td><td>10<\/td><td>4\u00aa feira<\/td><td>18h \u00e0s 19h<\/td><\/tr><tr><td>Teatro<\/td><td>A partir 10 anos<\/td><td>10<\/td><td>5\u00aa feira<\/td><td>14h30 \u00e0s 16h30<\/td><\/tr><tr><td>Teatro<\/td><td>10 a 17 anos<\/td><td>10<\/td><td>2\u00aa e 4\u00aa feira<\/td><td>14h30 \u00e0s 16h<\/td><\/tr><tr><td>Teatro<\/td><td>A partir 18 anos<\/td><td>10<\/td><td>2\u00aa e 4\u00aa feira<\/td><td>16h \u00e0s 17h30<\/td><\/tr><tr><td>Capoeira<\/td><td>A partir 8 anos<\/td><td>30<\/td><td>2\u00aa e 4\u00aa feira<\/td><td>19h \u00e0s 20h30<\/td><\/tr><tr><td>Desenho livre Infantil<\/td><td>5 a 12 anos<\/td><td>05<\/td><td>6\u00aa feira<\/td><td>9h \u00e0s 11h<\/td><\/tr><tr><td>Desenho Livre Infantil<\/td><td>5 a 12 anos<\/td><td>20<\/td><td>6\u00aa feira<\/td><td>14h \u00e0s 15h<\/td><\/tr><tr><td>Of. Criatividade em Artes<\/td><td>11 a 14 anos<\/td><td>10<\/td><td>2\u00aa feira<\/td><td>14h30 \u00e0s 15h25<\/td><\/tr><tr><td>Of. Criatividade em Arte<\/td><td>14 a 16 anos<\/td><td>10<\/td><td>2\u00aa feira<\/td><td>15h30 \u00e0s 16h25<\/td><\/tr><\/tbody><\/table><\/figure>\n\n\n\n<figure class=\"wp-block-table\"><table class=\"has-fixed-layout\"><tbody><tr><td>Of. Criatividade em Artes<\/td><td>14 a 16 anos<\/td><td>10<\/td><td>3\u00aa feira<\/td><td>14h30 \u00e0s 15h25<\/td><\/tr><tr><td>Of. Criatividade em Artes<\/td><td>16 a 18 anos<\/td><td>10<\/td><td>3\u00aa feira<\/td><td>15h30 \u00e0s 16h25<\/td><\/tr><tr><td>Of. Criatividade em Artes<\/td><td>Acima 18 anos<\/td><td>10<\/td><td>3\u00aa feira<\/td><td>16h30 \u00e0s 17h25<\/td><\/tr><tr><td>Of. Criatividade em Artes<\/td><td>8 a 10 anos<\/td><td>10<\/td><td>3\u00aa feira<\/td><td>17h30 \u00e0s 18h25<\/td><\/tr><tr><td>Of. Criatividade em Artes<\/td><td>6 a 8 anos<\/td><td>10<\/td><td>3\u00aa feira<\/td><td>18h30 \u00e0s 19h25<\/td><\/tr><tr><td>Of. Criatividade em Artes<\/td><td>6 a 8 anos<\/td><td>10<\/td><td>4\u00aa feira<\/td><td>8h30 \u00e0s 9h25<\/td><\/tr><tr><td>Of. Criatividade em Artes<\/td><td>6 a 8 anos<\/td><td>10<\/td><td>4\u00aa feira<\/td><td>9h30 \u00e0s 10h25<\/td><\/tr><tr><td>Of. Criatividade em Artes<\/td><td>8 a 10 anos<\/td><td>10<\/td><td>4\u00aa feira<\/td><td>10h30 \u00e0s 11h25<\/td><\/tr><tr><td>Of. Criatividade em Artes<\/td><td>Acima 18 anos<\/td><td>10<\/td><td>4\u00aa feira<\/td><td>11h30 \u00e0s 12h25<\/td><\/tr><tr><td>Of. Criatividade em Artes<\/td><td>11 a 14 anos<\/td><td>10<\/td><td>4\u00aa feira<\/td><td>14h30 \u00e0s 15h25<\/td><\/tr><tr><td>Of. Criatividade em Artes<\/td><td>14 a 16 anos<\/td><td>10<\/td><td>4\u00aa feira<\/td><td>15h30 \u00e0s 16h25<\/td><\/tr><tr><td>Of. Criatividade em Artes<\/td><td>16 a 18 anos<\/td><td>10<\/td><td>4\u00aa feira<\/td><td>16h30 \u00e0s 17h25<\/td><\/tr><tr><td>Of. Criatividade em Artes<\/td><td>Acima 18 anos<\/td><td>10<\/td><td>4\u00aa feira<\/td><td>17h30 \u00e0s 18h25<\/td><\/tr><\/tbody><\/table><\/figure>\n\n\n\n<p>Foto: Bruno Nepomuceno\/ASCOM<\/p>\n","protected":false},"excerpt":{"rendered":"<p>As inscri\u00e7\u00f5es acontecer\u00e3o de 03 a 07 de fevereiro. As vagas ser\u00e3o preenchidas por Sorteio<\/p>\n","protected":false},"author":2,"featured_media":98209,"comment_status":"open","ping_status":"open","sticky":false,"template":"","format":"standard","meta":{"footnotes":""},"categories":[17],"tags":[],"class_list":["post-98208","post","type-post","status-publish","format-standard","has-post-thumbnail","hentry","category-outras-noticias"],"_links":{"self":[{"href":"https:\/\/tvc16.com\/portal\/wp-json\/wp\/v2\/posts\/98208","targetHints":{"allow":["GET"]}}],"collection":[{"href":"https:\/\/tvc16.com\/portal\/wp-json\/wp\/v2\/posts"}],"about":[{"href":"https:\/\/tvc16.com\/portal\/wp-json\/wp\/v2\/types\/post"}],"author":[{"embeddable":true,"href":"https:\/\/tvc16.com\/portal\/wp-json\/wp\/v2\/users\/2"}],"replies":[{"embeddable":true,"href":"https:\/\/tvc16.com\/portal\/wp-json\/wp\/v2\/comments?post=98208"}],"version-history":[{"count":1,"href":"https:\/\/tvc16.com\/portal\/wp-json\/wp\/v2\/posts\/98208\/revisions"}],"predecessor-version":[{"id":98210,"href":"https:\/\/tvc16.com\/portal\/wp-json\/wp\/v2\/posts\/98208\/revisions\/98210"}],"wp:featuredmedia":[{"embeddable":true,"href":"https:\/\/tvc16.com\/portal\/wp-json\/wp\/v2\/media\/98209"}],"wp:attachment":[{"href":"https:\/\/tvc16.com\/portal\/wp-json\/wp\/v2\/media?parent=98208"}],"wp:term":[{"taxonomy":"category","embeddable":true,"href":"https:\/\/tvc16.com\/portal\/wp-json\/wp\/v2\/categories?post=98208"},{"taxonomy":"post_tag","embeddable":true,"href":"https:\/\/tvc16.com\/portal\/wp-json\/wp\/v2\/tags?post=98208"}],"curies":[{"name":"wp","href":"https:\/\/api.w.org\/{rel}","templated":true}]}}