{"id":98215,"date":"2025-01-30T05:00:00","date_gmt":"2025-01-30T08:00:00","guid":{"rendered":"https:\/\/tvc16.com\/portal\/?p=98215"},"modified":"2025-01-29T16:54:47","modified_gmt":"2025-01-29T19:54:47","slug":"ultimos-dias-para-conferir-a-exposicao-a-fotografia-nas-asas-de-uma-paixao-em-itaipava","status":"publish","type":"post","link":"https:\/\/tvc16.com\/portal\/2025\/01\/30\/ultimos-dias-para-conferir-a-exposicao-a-fotografia-nas-asas-de-uma-paixao-em-itaipava\/","title":{"rendered":"\u00daltimos dias para conferir a exposi\u00e7\u00e3o \u201cA Fotografia nas Asas de uma Paix\u00e3o\u201d em Itaipava"},"content":{"rendered":"\n<p>Os apaixonados por arte e natureza t\u00eam at\u00e9 domingo (02) para visitar a exposi\u00e7\u00e3o \u201cA Fotografia nas Asas de uma Paix\u00e3o\u201d, que est\u00e1 no Shopping Vilarejo, em Itaipava. A mostra, assinada pela fot\u00f3grafa e m\u00e9dica veterin\u00e1ria Odette Araujo, re\u00fane imagens fascinantes de p\u00e1ssaros e celebra a conex\u00e3o entre a arte da fotografia e a exuber\u00e2ncia da natureza.<\/p>\n\n\n\n<p>A exposi\u00e7\u00e3o, que teve abertura no dia 10 de janeiro com um bate-papo promovido pelo Sopef Fotoclube, encanta os visitantes ao apresentar n\u00e3o apenas a beleza das aves, mas tamb\u00e9m suas hist\u00f3rias e habitats. Odette, que possui um vasto curr\u00edculo em observa\u00e7\u00e3o de p\u00e1ssaros na Amaz\u00f4nia, Ubatuba e no exterior, compartilha um olhar \u00fanico e inspirador sobre essas criaturas.<\/p>\n\n\n\n<figure class=\"wp-block-image size-large\"><img loading=\"lazy\" decoding=\"async\" width=\"1024\" height=\"768\" src=\"https:\/\/tvc16.com\/portal\/wp-content\/uploads\/2025\/01\/WhatsApp-Image-2025-01-29-at-14.04.41-1024x768.jpeg\" alt=\"\" class=\"wp-image-98216\" srcset=\"https:\/\/tvc16.com\/portal\/wp-content\/uploads\/2025\/01\/WhatsApp-Image-2025-01-29-at-14.04.41-1024x768.jpeg 1024w, https:\/\/tvc16.com\/portal\/wp-content\/uploads\/2025\/01\/WhatsApp-Image-2025-01-29-at-14.04.41-300x225.jpeg 300w, https:\/\/tvc16.com\/portal\/wp-content\/uploads\/2025\/01\/WhatsApp-Image-2025-01-29-at-14.04.41-768x576.jpeg 768w, https:\/\/tvc16.com\/portal\/wp-content\/uploads\/2025\/01\/WhatsApp-Image-2025-01-29-at-14.04.41-200x150.jpeg 200w, https:\/\/tvc16.com\/portal\/wp-content\/uploads\/2025\/01\/WhatsApp-Image-2025-01-29-at-14.04.41.jpeg 1280w\" sizes=\"auto, (max-width: 1024px) 100vw, 1024px\" \/><\/figure>\n\n\n\n<p>&#8220;No momento em que vivenciamos uma severa crise ambiental, o que eu espero \u00e9 que o p\u00fablico visitante da exposi\u00e7\u00e3o seja sensibilizado quanto \u00e0 conserva\u00e7\u00e3o e preserva\u00e7\u00e3o da nossa avifauna, que representa um fator preponderante de sustentabilidade de nossas florestas\u201d, afirma a fot\u00f3grafa Odette.<\/p>\n\n\n\n<p>Para Tiago Corr\u00eaa, administrador do Shopping Vilarejo, a mostra \u00e9 um mergulho na natureza. \u201cReceber um projeto como este \u00e9 motivo de grande orgulho. E vale lembrar que seguimos com o edital de ocupa\u00e7\u00e3o de espa\u00e7os aberto, convidando artistas e produtores culturais a trazerem suas propostas para enriquecer ainda mais nossa programa\u00e7\u00e3o. O Vilarejo tem sido palco de diversas manifesta\u00e7\u00f5es culturais, e queremos ampliar essa oferta, garantindo que o p\u00fablico tenha acesso a experi\u00eancias \u00fanicas e inovadoras\u201d, destacou.<\/p>\n\n\n\n<p>Os interessados em participar do edital podem acessar todas as informa\u00e7\u00f5es e enviar suas propostas pelo site oficial do shopping em www.shoppingvilarejo.com.br. As propostas devem ser enviadas atrav\u00e9s do e-mail administracao@shoppingvilarejo.com.br.<\/p>\n\n\n\n<p>\u00daltimos dias no complexo de camas el\u00e1sticas Pokoolokoo<\/p>\n\n\n\n<p>Al\u00e9m de explorar a exposi\u00e7\u00e3o fotogr\u00e1fica, os visitantes do Shopping Vilarejo podem aproveitar o complexo de camas el\u00e1sticas Pokoolooko, uma atra\u00e7\u00e3o que promete divers\u00e3o para crian\u00e7as e adultos. Localizado no espa\u00e7o interno do shopping, um dos maiores complexos de camas el\u00e1sticas do Brasil, \u00e9 o ambiente perfeito para quem busca lazer, movimento e momentos descontra\u00eddos em fam\u00edlia, j\u00e1 que aceita todas as idades e pesos. A Pokoolooko funciona durante o hor\u00e1rio do shopping e oferece seguran\u00e7a e supervis\u00e3o para garantir uma experi\u00eancia divertida e tranquila para todos.<\/p>\n\n\n\n<p>Servi\u00e7o: &#8220;A Fotografia nas Asas de uma Paix\u00e3o&#8221;<br>\ud83d\udcc5 Data: At\u00e9 02 de fevereiro de 2025<br>\ud83d\udccd Local: Shopping Vilarejo \u2013 Estrada Uni\u00e3o e Ind\u00fastria, 10.035 \u2013 Itaipava<br>\ud83c\udf9f Entrada: Gratuita<\/p>\n\n\n\n<p>Hor\u00e1rio de funcionamento do shopping:<br>Ter\u00e7a-feira: 14h \u00e0s 19h<br>Quarta a Sexta-feira: 10h \u00e0s 19h<br>S\u00e1bado: 10h \u00e0s 20h<br>Domingo: 10h \u00e0s 18h<\/p>\n","protected":false},"excerpt":{"rendered":"<p>Os apaixonados por arte e natureza t\u00eam at\u00e9 domingo (02) para visitar a exposi\u00e7\u00e3o \u201cA<\/p>\n","protected":false},"author":2,"featured_media":98217,"comment_status":"open","ping_status":"open","sticky":false,"template":"","format":"standard","meta":{"footnotes":""},"categories":[12],"tags":[],"class_list":["post-98215","post","type-post","status-publish","format-standard","has-post-thumbnail","hentry","category-cidade"],"_links":{"self":[{"href":"https:\/\/tvc16.com\/portal\/wp-json\/wp\/v2\/posts\/98215","targetHints":{"allow":["GET"]}}],"collection":[{"href":"https:\/\/tvc16.com\/portal\/wp-json\/wp\/v2\/posts"}],"about":[{"href":"https:\/\/tvc16.com\/portal\/wp-json\/wp\/v2\/types\/post"}],"author":[{"embeddable":true,"href":"https:\/\/tvc16.com\/portal\/wp-json\/wp\/v2\/users\/2"}],"replies":[{"embeddable":true,"href":"https:\/\/tvc16.com\/portal\/wp-json\/wp\/v2\/comments?post=98215"}],"version-history":[{"count":1,"href":"https:\/\/tvc16.com\/portal\/wp-json\/wp\/v2\/posts\/98215\/revisions"}],"predecessor-version":[{"id":98218,"href":"https:\/\/tvc16.com\/portal\/wp-json\/wp\/v2\/posts\/98215\/revisions\/98218"}],"wp:featuredmedia":[{"embeddable":true,"href":"https:\/\/tvc16.com\/portal\/wp-json\/wp\/v2\/media\/98217"}],"wp:attachment":[{"href":"https:\/\/tvc16.com\/portal\/wp-json\/wp\/v2\/media?parent=98215"}],"wp:term":[{"taxonomy":"category","embeddable":true,"href":"https:\/\/tvc16.com\/portal\/wp-json\/wp\/v2\/categories?post=98215"},{"taxonomy":"post_tag","embeddable":true,"href":"https:\/\/tvc16.com\/portal\/wp-json\/wp\/v2\/tags?post=98215"}],"curies":[{"name":"wp","href":"https:\/\/api.w.org\/{rel}","templated":true}]}}