{"id":98219,"date":"2025-01-30T05:00:00","date_gmt":"2025-01-30T08:00:00","guid":{"rendered":"https:\/\/tvc16.com\/portal\/?p=98219"},"modified":"2025-01-29T16:57:34","modified_gmt":"2025-01-29T19:57:34","slug":"sou-lu-marques-abre-a-programacao-musical-de-2025-na-casa-stefan-zweig","status":"publish","type":"post","link":"https:\/\/tvc16.com\/portal\/2025\/01\/30\/sou-lu-marques-abre-a-programacao-musical-de-2025-na-casa-stefan-zweig\/","title":{"rendered":"\u201cSOU LU MARQUES\u201d abre a programa\u00e7\u00e3o musical de 2025 na Casa Stefan Zweig"},"content":{"rendered":"\n<p>Acompanhada pelos m\u00fasicos Norton Ribeiro (guitarra), Bruno Mattos (bateria) e R\u00f4mulo Pyetro (baixo), a cantora petropolitana Lu Marques abre a s\u00e9rie de apresenta\u00e7\u00f5es musicais, sempre no primeiro s\u00e1bado do m\u00eas, na Casa Stefan Zweig, \u00e0s 11h da manh\u00e3.<\/p>\n\n\n\n<p>O show&nbsp;<strong>Sou Lu Marques<\/strong>, que foi a atra\u00e7\u00e3o principal do Festival Solst\u00edcio do Som de Ver\u00e3o de 2024, oferece ao p\u00fablico can\u00e7\u00f5es de autoria da cantora, pautadas em temas como supera\u00e7\u00e3o, amor, rela\u00e7\u00f5es t\u00f3xicas e liberdade, al\u00e9m de pe\u00e7as autorais do escritor e guitarrista Norton Ribeiro.<\/p>\n\n\n\n<p><strong>Sobre Lu Marques<\/strong><\/p>\n\n\n\n<p>Cantora, compositora e instrumentista, Lu Marques constr\u00f3i narrativas em portugu\u00eas, ingl\u00eas e espanhol, explorando temas que conectam e emocionam. Desde 2024, est\u00e1 focada em realizar shows inteiramente autorais, marcando um novo cap\u00edtulo em sua carreira. Aplaudida de p\u00e9 em todas as edi\u00e7\u00f5es do projeto &#8216;Mulheres Cantam Vin\u00edcius\u2019, o clipe de seu primeiro single autoral, &#8216;Voc\u00ea Me Deixa Sem Ar&#8217;, foi veiculado nas r\u00e1dios e indicado ao Pr\u00eamio IndieWise, alcan\u00e7ando mais de 140 pa\u00edses. Cantou para um p\u00fablico de 25 mil pessoas durante a abertura do show da banda Tit\u00e3s. Sua trajet\u00f3ria, marcada por sucessos relevantes, \u00e9 pontuada agora por um som renovado, repleto de for\u00e7a, personalidade e \u2018mestic\u00eas\u2019 afro-latina essencialmente roqueira.<\/p>\n\n\n\n<p><strong>Sobre a Casa Stefan Zweig<\/strong><\/p>\n\n\n\n<p>A CASA STEFAN ZWEIG \u00e9 uma entidade cultural de direito privado, sem fins lucrativos, que homenageia a mem\u00f3ria do escritor austr\u00edaco na casa que foi sua \u00faltima morada. \u00c9 tamb\u00e9m um Memorial do Ex\u00edlio destinado a divulgar as obras de outros artistas, intelectuais e cientistas que se refugiaram no Brasil durante o per\u00edodo 1933-1945 e que contribu\u00edram para a cultura, as artes e a ci\u00eancia do pa\u00eds. Fiel ao ide\u00e1rio de Zweig, \u00e9 um centro de refer\u00eancia em defesa da paz, do humanismo e da democracia<\/p>\n\n\n\n<p>O show&nbsp;<strong>Sou Lu Marques<\/strong>&nbsp;integra a Programa\u00e7\u00e3o Cultural 2025 da Casa Stefan Zweig, com apoio da Prefeitura Municipal de Petr\u00f3polis, por meio do edital municipal do Cultura Viva do Plano Nacional Aldir Blanc e da Lei Federal de Incentivo \u00e0 Cultura (Lei Rouanet).<\/p>\n\n\n\n<p><strong>Servi\u00e7o:<\/strong><\/p>\n\n\n\n<p><strong>&nbsp;<\/strong><strong>\u201cSOU LU MARQUES\u201d na Casa Stefan Zweig<\/strong><\/p>\n\n\n\n<p>S\u00e1bado, 01\/03\/2025, 11h<\/p>\n\n\n\n<p>Rua Gon\u00e7alves Dias, 34, Valpara\u00edso (pr\u00f3ximo \u00e0s Duas Pontes)<\/p>\n\n\n\n<p>Entrada franca e lugares limitados.<\/p>\n","protected":false},"excerpt":{"rendered":"<p>Acompanhada pelos m\u00fasicos Norton Ribeiro (guitarra), Bruno Mattos (bateria) e R\u00f4mulo Pyetro (baixo), a cantora<\/p>\n","protected":false},"author":2,"featured_media":98220,"comment_status":"open","ping_status":"open","sticky":false,"template":"","format":"standard","meta":{"footnotes":""},"categories":[12],"tags":[],"class_list":["post-98219","post","type-post","status-publish","format-standard","has-post-thumbnail","hentry","category-cidade"],"_links":{"self":[{"href":"https:\/\/tvc16.com\/portal\/wp-json\/wp\/v2\/posts\/98219","targetHints":{"allow":["GET"]}}],"collection":[{"href":"https:\/\/tvc16.com\/portal\/wp-json\/wp\/v2\/posts"}],"about":[{"href":"https:\/\/tvc16.com\/portal\/wp-json\/wp\/v2\/types\/post"}],"author":[{"embeddable":true,"href":"https:\/\/tvc16.com\/portal\/wp-json\/wp\/v2\/users\/2"}],"replies":[{"embeddable":true,"href":"https:\/\/tvc16.com\/portal\/wp-json\/wp\/v2\/comments?post=98219"}],"version-history":[{"count":1,"href":"https:\/\/tvc16.com\/portal\/wp-json\/wp\/v2\/posts\/98219\/revisions"}],"predecessor-version":[{"id":98221,"href":"https:\/\/tvc16.com\/portal\/wp-json\/wp\/v2\/posts\/98219\/revisions\/98221"}],"wp:featuredmedia":[{"embeddable":true,"href":"https:\/\/tvc16.com\/portal\/wp-json\/wp\/v2\/media\/98220"}],"wp:attachment":[{"href":"https:\/\/tvc16.com\/portal\/wp-json\/wp\/v2\/media?parent=98219"}],"wp:term":[{"taxonomy":"category","embeddable":true,"href":"https:\/\/tvc16.com\/portal\/wp-json\/wp\/v2\/categories?post=98219"},{"taxonomy":"post_tag","embeddable":true,"href":"https:\/\/tvc16.com\/portal\/wp-json\/wp\/v2\/tags?post=98219"}],"curies":[{"name":"wp","href":"https:\/\/api.w.org\/{rel}","templated":true}]}}