{"id":9822,"date":"2021-01-23T10:06:53","date_gmt":"2021-01-23T13:06:53","guid":{"rendered":"https:\/\/tvc16.com\/portal\/?p=9822"},"modified":"2021-01-23T10:09:25","modified_gmt":"2021-01-23T13:09:25","slug":"prefeito-do-rio-suspende-carnaval-adiado-para-julho","status":"publish","type":"post","link":"https:\/\/tvc16.com\/portal\/2021\/01\/23\/prefeito-do-rio-suspende-carnaval-adiado-para-julho\/","title":{"rendered":"Prefeito do Rio suspende carnaval adiado para julho"},"content":{"rendered":"\n<p>A decis\u00e3o foi anunciada em seu perfil no Twitter na tarde de ontem<\/p>\n\n\n\n<p>O prefeito do Rio de Janeiro, Eduardo Paes, decidiu suspender o carnaval fora de \u00e9poca que havia sido adiado para julho em raz\u00e3o da pandemia da Covid-19. A decis\u00e3o foi anunciada em seu perfil no Twitter na tarde de ontem. Paes explicou que o carnaval exige uma grande prepara\u00e7\u00e3o por parte dos \u00f3rg\u00e3os p\u00fablicos e das agremia\u00e7\u00f5es e institui\u00e7\u00f5es ligadas ao samba, o que ele n\u00e3o considera poss\u00edvel fazer nesse momento.<\/p>\n\n\n\n<p>A cria\u00e7\u00e3o de um carnaval anual no in\u00edcio do segundo semestre foi aprovada pela Assembleia Legislativa do Estado do Rio de Janeiro e sancionada pelo governador em exerc\u00edcio, Claudio Castro. Na \u00e9poca, o governo esclareceu que a lei visa a estimular o turismo, o lazer e a economia, mas apenas possibilita que o evento seja realizado, o que ir\u00e1 depender das recomenda\u00e7\u00f5es das autoridades sanit\u00e1rias.<\/p>\n\n\n\n<p>O adiamento j\u00e1 havia sido anunciado pela Liga Independente das Escolas de Samba (Liesa) e por grupos que representam blocos de carnaval tradicionais da cidade. As escolas de samba do grupo especial j\u00e1 haviam inclusive sorteado a ordem dos desfiles, que estavam previstos para ocorrer nos dias 11 e 12 de julho.<\/p>\n\n\n\n<p>Fonte: <a href=\"https:\/\/brasil61.com\/noticias\/prefeito-do-rio-suspende-carnaval-adiado-para-julho-bras213513?email=bethdeoliveira@yahoo.com.br&amp;utm_source=email_individual&amp;utm_medium=email_individual&amp;utm_campaign=email_individual\" target=\"_blank\" rel=\"noreferrer noopener\">Brasil 61<\/a><\/p>\n\n\n\n<p><\/p>\n","protected":false},"excerpt":{"rendered":"<p>A decis\u00e3o foi anunciada em seu perfil no Twitter na tarde de ontem O prefeito<\/p>\n","protected":false},"author":2,"featured_media":9823,"comment_status":"open","ping_status":"open","sticky":false,"template":"","format":"standard","meta":{"footnotes":""},"categories":[17],"tags":[],"class_list":["post-9822","post","type-post","status-publish","format-standard","has-post-thumbnail","hentry","category-outras-noticias"],"_links":{"self":[{"href":"https:\/\/tvc16.com\/portal\/wp-json\/wp\/v2\/posts\/9822","targetHints":{"allow":["GET"]}}],"collection":[{"href":"https:\/\/tvc16.com\/portal\/wp-json\/wp\/v2\/posts"}],"about":[{"href":"https:\/\/tvc16.com\/portal\/wp-json\/wp\/v2\/types\/post"}],"author":[{"embeddable":true,"href":"https:\/\/tvc16.com\/portal\/wp-json\/wp\/v2\/users\/2"}],"replies":[{"embeddable":true,"href":"https:\/\/tvc16.com\/portal\/wp-json\/wp\/v2\/comments?post=9822"}],"version-history":[{"count":2,"href":"https:\/\/tvc16.com\/portal\/wp-json\/wp\/v2\/posts\/9822\/revisions"}],"predecessor-version":[{"id":9826,"href":"https:\/\/tvc16.com\/portal\/wp-json\/wp\/v2\/posts\/9822\/revisions\/9826"}],"wp:featuredmedia":[{"embeddable":true,"href":"https:\/\/tvc16.com\/portal\/wp-json\/wp\/v2\/media\/9823"}],"wp:attachment":[{"href":"https:\/\/tvc16.com\/portal\/wp-json\/wp\/v2\/media?parent=9822"}],"wp:term":[{"taxonomy":"category","embeddable":true,"href":"https:\/\/tvc16.com\/portal\/wp-json\/wp\/v2\/categories?post=9822"},{"taxonomy":"post_tag","embeddable":true,"href":"https:\/\/tvc16.com\/portal\/wp-json\/wp\/v2\/tags?post=9822"}],"curies":[{"name":"wp","href":"https:\/\/api.w.org\/{rel}","templated":true}]}}