{"id":98222,"date":"2025-01-30T05:00:00","date_gmt":"2025-01-30T08:00:00","guid":{"rendered":"https:\/\/tvc16.com\/portal\/?p=98222"},"modified":"2025-01-29T16:59:26","modified_gmt":"2025-01-29T19:59:26","slug":"sesc-nova-friburgo-prorroga-ate-esta-quinta-inscricoes-no-pre-vestibular-gratuito","status":"publish","type":"post","link":"https:\/\/tvc16.com\/portal\/2025\/01\/30\/sesc-nova-friburgo-prorroga-ate-esta-quinta-inscricoes-no-pre-vestibular-gratuito\/","title":{"rendered":"Sesc Nova Friburgo prorroga at\u00e9 esta quinta inscri\u00e7\u00f5es no pr\u00e9-vestibular gratuito"},"content":{"rendered":"\n<p>O Sesc Nova Friburgo prorrogou at\u00e9 esta quinta-feira (30) inscri\u00e7\u00f5es para o curso Pr\u00e9-Vestibular Futuro em Curso. Trata-se de um curso preparat\u00f3rio para o Exame Nacional do Ensino M\u00e9dio (Enem) gratuito e quem tem tradi\u00e7\u00e3o na cidade por promover atividades formativas aos estudantes favorecendo a conquista de vagas concorridas nas universidades p\u00fablicas,\u00a0por meio do Sistema de Sele\u00e7\u00e3o Unificada (SiSU) ou concurso vestibular.<\/p>\n\n\n\n<p>A oferta \u00e9 destinada a pessoas a partir de 15 anos de idade, que estejam cursando a partir do 2\u00ba ano do Ensino M\u00e9dio ou j\u00e1 terem conclu\u00eddo essa etapa educacional. Tamb\u00e9m \u00e9 necess\u00e1rio que a renda familiar per capita n\u00e3o ultrapasse 2 sal\u00e1rios m\u00ednimos e que n\u00e3o tenham conclu\u00eddo algum curso de gradua\u00e7\u00e3o. Os contemplados ser\u00e3o selecionados com base em crit\u00e9rios socioecon\u00f4micos. Seus nomes ser\u00e3o divulgados no dia 31 de janeiro em&nbsp;<a rel=\"noreferrer noopener\" target=\"_blank\" href=\"https:\/\/na01.safelinks.protection.outlook.com\/?url=http%3A%2F%2Fwww.sescrio.org.br%2F&amp;data=05%7C02%7C%7C7e6b4050ffbe46a7ba1408dd408c4ce8%7C84df9e7fe9f640afb435aaaaaaaaaaaa%7C1%7C0%7C638737693724685029%7CUnknown%7CTWFpbGZsb3d8eyJFbXB0eU1hcGkiOnRydWUsIlYiOiIwLjAuMDAwMCIsIlAiOiJXaW4zMiIsIkFOIjoiTWFpbCIsIldUIjoyfQ%3D%3D%7C0%7C%7C%7C&amp;sdata=%2Bg3pp%2F2QJPcaI0zHomi%2FujkozLDZALrIwmD2oVRqVc0%3D&amp;reserved=0\">www.sescrio.org.br<\/a>, onde tamb\u00e9m est\u00e3o publicados o edital e todos os detalhes da sele\u00e7\u00e3o.<\/p>\n\n\n\n<p>As atividades, que t\u00eam in\u00edcio no dia 10 de fevereiro, acontecer\u00e3o no Polo Educacional do Sesc Nova Friburgo (Av. Pres. Costa e Silva, 231 \u2013 Centro), estrutura inaugurada em maio de 2024 e que ocupa cerca de 2 mil metros quadrados. Al\u00e9m do pr\u00e9-vestibular, os dois andares abrigam salas multiusos para projetos transdisciplinares e de corpo e movimento, \u00e1rea de conviv\u00eancia e um Espa\u00e7o ACT \u2013 Espa\u00e7o de Arte, Ci\u00eancia e Tecnologia. O local conta ainda com a\u00e7\u00f5es de educa\u00e7\u00e3o ambiental e sustentabilidade, biblioteca, salas para cursos e oficinas de idiomas, um laborat\u00f3rio de f\u00edsica, qu\u00edmica e biologia, al\u00e9m de um anexo exclusivo para atividades do Sesc+ Inf\u00e2ncias e atividades formativas para professores.<\/p>\n\n\n\n<p><strong>SERVI\u00c7O<\/strong><\/p>\n\n\n\n<p><strong>Pr\u00e9-vestibular Futuro em Curso<\/strong><\/p>\n\n\n\n<p>P\u00fablico-alvo: Estudantes a partir do 2\u00ba ano do Ensino M\u00e9dio ou conclu\u00eddo. Renda familiar per capital: At\u00e9 2 sal\u00e1rios-m\u00ednimos.<\/p>\n\n\n\n<p>Inscri\u00e7\u00f5es: At\u00e9 27\/01\/2025<\/p>\n\n\n\n<p>Edital:&nbsp;<a rel=\"noreferrer noopener\" target=\"_blank\" href=\"https:\/\/na01.safelinks.protection.outlook.com\/?url=http%3A%2F%2Fwww.sescrio.org.br%2F&amp;data=05%7C02%7C%7C7e6b4050ffbe46a7ba1408dd408c4ce8%7C84df9e7fe9f640afb435aaaaaaaaaaaa%7C1%7C0%7C638737693724709186%7CUnknown%7CTWFpbGZsb3d8eyJFbXB0eU1hcGkiOnRydWUsIlYiOiIwLjAuMDAwMCIsIlAiOiJXaW4zMiIsIkFOIjoiTWFpbCIsIldUIjoyfQ%3D%3D%7C0%7C%7C%7C&amp;sdata=%2BsDmIbHAzIvESNFOzNfYXBH6WKqRLlGYxxsNNhF8tRE%3D&amp;reserved=0\">www.sescrio.org.br<\/a><\/p>\n\n\n\n<p>Local: Sesc+ Educa\u00e7\u00e3o &#8211; Sesc Nova Friburgo (Av. Pres. Costa e Silva, 231 \u2013 Centro)<\/p>\n","protected":false},"excerpt":{"rendered":"<p>O Sesc Nova Friburgo prorrogou at\u00e9 esta quinta-feira (30) inscri\u00e7\u00f5es para o curso Pr\u00e9-Vestibular Futuro<\/p>\n","protected":false},"author":2,"featured_media":98223,"comment_status":"open","ping_status":"open","sticky":false,"template":"","format":"standard","meta":{"footnotes":""},"categories":[17],"tags":[],"class_list":["post-98222","post","type-post","status-publish","format-standard","has-post-thumbnail","hentry","category-outras-noticias"],"_links":{"self":[{"href":"https:\/\/tvc16.com\/portal\/wp-json\/wp\/v2\/posts\/98222","targetHints":{"allow":["GET"]}}],"collection":[{"href":"https:\/\/tvc16.com\/portal\/wp-json\/wp\/v2\/posts"}],"about":[{"href":"https:\/\/tvc16.com\/portal\/wp-json\/wp\/v2\/types\/post"}],"author":[{"embeddable":true,"href":"https:\/\/tvc16.com\/portal\/wp-json\/wp\/v2\/users\/2"}],"replies":[{"embeddable":true,"href":"https:\/\/tvc16.com\/portal\/wp-json\/wp\/v2\/comments?post=98222"}],"version-history":[{"count":1,"href":"https:\/\/tvc16.com\/portal\/wp-json\/wp\/v2\/posts\/98222\/revisions"}],"predecessor-version":[{"id":98224,"href":"https:\/\/tvc16.com\/portal\/wp-json\/wp\/v2\/posts\/98222\/revisions\/98224"}],"wp:featuredmedia":[{"embeddable":true,"href":"https:\/\/tvc16.com\/portal\/wp-json\/wp\/v2\/media\/98223"}],"wp:attachment":[{"href":"https:\/\/tvc16.com\/portal\/wp-json\/wp\/v2\/media?parent=98222"}],"wp:term":[{"taxonomy":"category","embeddable":true,"href":"https:\/\/tvc16.com\/portal\/wp-json\/wp\/v2\/categories?post=98222"},{"taxonomy":"post_tag","embeddable":true,"href":"https:\/\/tvc16.com\/portal\/wp-json\/wp\/v2\/tags?post=98222"}],"curies":[{"name":"wp","href":"https:\/\/api.w.org\/{rel}","templated":true}]}}