{"id":98243,"date":"2025-01-30T08:19:46","date_gmt":"2025-01-30T11:19:46","guid":{"rendered":"https:\/\/tvc16.com\/portal\/?p=98243"},"modified":"2025-01-30T08:19:49","modified_gmt":"2025-01-30T11:19:49","slug":"saiba-as-proximas-etapas-do-cnu-apos-divulgacao-de-resultados-no-dia-4","status":"publish","type":"post","link":"https:\/\/tvc16.com\/portal\/2025\/01\/30\/saiba-as-proximas-etapas-do-cnu-apos-divulgacao-de-resultados-no-dia-4\/","title":{"rendered":"Saiba as pr\u00f3ximas etapas do CNU ap\u00f3s divulga\u00e7\u00e3o de resultados no dia 4"},"content":{"rendered":"\n<p><em>Foram oferecidas 6.640 vagas para 21 \u00f3rg\u00e3os da administra\u00e7\u00e3o<\/em><\/p>\n\n\n\n<p>Por Daniella Almeida &#8211; Rep\u00f3rter da Ag\u00eancia Brasil \/ Foto: Arte\/EBC<\/p>\n\n\n\n<p><\/p>\n\n\n\n<p>O Minist\u00e9rio da Gest\u00e3o e Inova\u00e7\u00e3o em Servi\u00e7os P\u00fablicos (MGI) divulgou nesta quarta-feira (29) instru\u00e7\u00f5es aos candidatos aprovados no Concurso P\u00fablico Nacional Unificado (CPNU), a partir da publica\u00e7\u00e3o dos primeiros resultados do processo seletivo,&nbsp;<a href=\"https:\/\/agenciabrasil.ebc.com.br\/geral\/noticia\/2025-01\/cnu-governo-antecipa-em-uma-semana-divulgacao-do-resultado-final\" target=\"_blank\" rel=\"noreferrer noopener\">prevista para a pr\u00f3xima ter\u00e7a-feira (4)<\/a>.<img decoding=\"async\" src=\"https:\/\/agenciabrasil.ebc.com.br\/ebc.png?id=1628338&amp;o=node\"><img decoding=\"async\" src=\"https:\/\/agenciabrasil.ebc.com.br\/ebc.gif?id=1628338&amp;o=node\"><\/p>\n\n\n\n<p>De acordo com MGI, nesta data, sair\u00e3o m\u00faltiplos resultados. O primeiro \u00e9 o resultado final dos aprovados no bloco tem\u00e1tico 8, com cargos de n\u00edvel intermedi\u00e1rio. Tamb\u00e9m ser\u00e1 divulgada a primeira lista de classifica\u00e7\u00e3o dos candidatos dos blocos 1 ao 7 e a primeira lista de convoca\u00e7\u00e3o para os cargos com cursos de forma\u00e7\u00e3o.<\/p>\n\n\n\n<p>A lista inicial de convocados considerar\u00e1 as op\u00e7\u00f5es de cargo indicadas no momento da inscri\u00e7\u00e3o.<\/p>\n\n\n\n<h2 class=\"wp-block-heading\">Instru\u00e7\u00f5es<\/h2>\n\n\n\n<p>Ap\u00f3s a divulga\u00e7\u00e3o das notas finais e da classifica\u00e7\u00e3o, nos dias 4 e 5 de fevereiro, os candidatos para cargos que exigem cursos de forma\u00e7\u00e3o devem acessar a p\u00e1gina oficial do CPNU e&nbsp;<a href=\"https:\/\/cpnu.cesgranrio.org.br\/login\" target=\"_blank\" rel=\"noreferrer noopener\">verificar a convoca\u00e7\u00e3o na \u00e1rea do candidato<\/a>, com login e senha do portal de servi\u00e7os digitais do governo federal, o Gov.br.<\/p>\n\n\n\n<p>O Minist\u00e9rio da Gest\u00e3o alerta que \u00e9 obrigat\u00f3ria a confirma\u00e7\u00e3o de presen\u00e7a no curso de forma\u00e7\u00e3o e n\u00e3o ser\u00e3o cobradas taxas de matr\u00edcula.<\/p>\n\n\n\n<p>\u201cA participa\u00e7\u00e3o no curso de forma\u00e7\u00e3o s\u00f3 estar\u00e1 assegurada ap\u00f3s o candidato responder sim \u00e0 convoca\u00e7\u00e3o e, posteriormente, efetivar sua matr\u00edcula junto \u00e0s institui\u00e7\u00f5es que promover\u00e3o os cursos de forma\u00e7\u00e3o\u201d, alerta o comunicado do MGI.<\/p>\n\n\n\n<p>Caso a resposta seja negativa, o candidato ser\u00e1 automaticamente eliminado da vaga para a qual foi convocado. Mas o candidato continuar\u00e1 concorrendo \u00e0s outras vagas com maior prefer\u00eancia indicada no ato da inscri\u00e7\u00e3o. O mesmo valer\u00e1 para a segunda convoca\u00e7\u00e3o, em 11 de fevereiro, e para a terceira convoca\u00e7\u00e3o, em 18 de fevereiro.<\/p>\n\n\n\n<h2 class=\"wp-block-heading\">Cursos de forma\u00e7\u00e3o<\/h2>\n\n\n\n<p>A etapa dos cursos de forma\u00e7\u00e3o \u00e9 classificat\u00f3ria e eliminat\u00f3ria do concurso p\u00fablico e tem o objetivo de capacitar os aprovados para os desafios da administra\u00e7\u00e3o p\u00fablica.&nbsp;<\/p>\n\n\n\n<p>Os nove cargos que exigem cursos de forma\u00e7\u00e3o s\u00e3o os de especialista em Pol\u00edticas P\u00fablicas e Gest\u00e3o Governamental (EPPGG); analista de Com\u00e9rcio Exterior (ACE); analista em Tecnologia da Informa\u00e7\u00e3o (ATI); analista T\u00e9cnico de Pol\u00edticas Sociais (ATPS); analista de Infraestrutura (AIE); especialista em Regula\u00e7\u00e3o de Servi\u00e7os P\u00fablicos (ANEEL); especialista em Regula\u00e7\u00e3o de Servi\u00e7os P\u00fablicos (ANTAQ); auditor-fiscal do Trabalho (AFT); e especialista em Regula\u00e7\u00e3o de Sa\u00fade Suplementar (ANS).<\/p>\n\n\n\n<p>Os cursos de forma\u00e7\u00e3o ser\u00e3o realizados em Bras\u00edlia, com exce\u00e7\u00e3o do cargo de especialista em Regula\u00e7\u00e3o de Sa\u00fade Suplementar (ANS), que ser\u00e1 no Rio de Janeiro.<\/p>\n\n\n\n<h2 class=\"wp-block-heading\">Cronograma<\/h2>\n\n\n\n<p>As&nbsp;<a href=\"https:\/\/www.gov.br\/gestao\/pt-br\/concursonacional\/editais\" target=\"_blank\" rel=\"noreferrer noopener\">retifica\u00e7\u00f5es dos editais<\/a>&nbsp;dos oito blocos tem\u00e1ticos do chamado Enem dos Concursos, publicadas no&nbsp;<em>Di\u00e1rio Oficial da Uni\u00e3o<\/em>, em 15 de janeiro, atualizaram o calend\u00e1rio do CNU da seguinte forma:<\/p>\n\n\n\n<p>31 de janeiro: prazo final para acerto cadastral;<\/p>\n\n\n\n<p>4 de fevereiro de 2025:<\/p>\n\n\n\n<p>\u00b7 &nbsp; &nbsp; &nbsp; &nbsp; divulga\u00e7\u00e3o do resultado dos pedidos de revis\u00e3o das notas dos t\u00edtulos e dos recursos da veracidade de situa\u00e7\u00e3o declarada;<\/p>\n\n\n\n<p>\u00b7 &nbsp; &nbsp; &nbsp; &nbsp; divulga\u00e7\u00e3o das notas finais para todos os candidatos em cada cargo em que estiverem inscritos e da primeira lista de classifica\u00e7\u00e3o para todos os cargos;<\/p>\n\n\n\n<p>\u00b7 &nbsp; &nbsp; divulga\u00e7\u00e3o da primeira convoca\u00e7\u00e3o para os cursos de forma\u00e7\u00e3o<\/p>\n\n\n\n<p>4 e 5 de fevereiro: prazo para confirma\u00e7\u00e3o de participa\u00e7\u00e3o em curso de forma\u00e7\u00e3o;<\/p>\n\n\n\n<p>11 de fevereiro de 2025: divulga\u00e7\u00e3o da segunda lista de classifica\u00e7\u00e3o para todos os cargos e segunda convoca\u00e7\u00e3o para cursos de forma\u00e7\u00e3o;<\/p>\n\n\n\n<p>11 e 12 de fevereiro: prazo para confirma\u00e7\u00e3o de participa\u00e7\u00e3o em curso de forma\u00e7\u00e3o;<\/p>\n\n\n\n<p>18 de fevereiro: divulga\u00e7\u00e3o da terceira lista de classifica\u00e7\u00e3o para todos os cargos e da terceira convoca\u00e7\u00e3o para cursos de forma\u00e7\u00e3o;<\/p>\n\n\n\n<p>18 e 19 de fevereiro: prazo para confirma\u00e7\u00e3o de participa\u00e7\u00e3o em curso de forma\u00e7\u00e3o;<\/p>\n\n\n\n<p>28 de fevereiro: divulga\u00e7\u00e3o da lista definitiva de classifica\u00e7\u00e3o para todos os cargos e convoca\u00e7\u00e3o para matr\u00edcula nos cursos de forma\u00e7\u00e3o.<\/p>\n\n\n\n<h2 class=\"wp-block-heading\">Concurso<\/h2>\n\n\n\n<p>Dos mais de 2,14 milh\u00f5es de inscritos no concurso unificado, cerca de 1 milh\u00e3o fizeram as provas em 18 de agosto passado.<\/p>\n\n\n\n<p>Os candidatos concorrem a 6.640 vagas para 21 \u00f3rg\u00e3os da administra\u00e7\u00e3o p\u00fablica federal.&nbsp;<\/p>\n\n\n\n<p>O certame ter\u00e1, tamb\u00e9m, um cadastro de reserva, para mais de 13 mil candidatos classificados, com a possibilidade de novas convoca\u00e7\u00f5es, inclusive para vagas tempor\u00e1rias que surgirem.<\/p>\n\n\n\n<p>Os sal\u00e1rios b\u00e1sicos iniciais variam de R$ 4.407,90 a R$ 22,9 mil, conforme o cargo.<br><\/p>\n\n\n\n<p><\/p>\n","protected":false},"excerpt":{"rendered":"<p>Foram oferecidas 6.640 vagas para 21 \u00f3rg\u00e3os da administra\u00e7\u00e3o Por Daniella Almeida &#8211; Rep\u00f3rter da<\/p>\n","protected":false},"author":2,"featured_media":98245,"comment_status":"open","ping_status":"open","sticky":false,"template":"","format":"standard","meta":{"footnotes":""},"categories":[17],"tags":[],"class_list":["post-98243","post","type-post","status-publish","format-standard","has-post-thumbnail","hentry","category-outras-noticias"],"_links":{"self":[{"href":"https:\/\/tvc16.com\/portal\/wp-json\/wp\/v2\/posts\/98243","targetHints":{"allow":["GET"]}}],"collection":[{"href":"https:\/\/tvc16.com\/portal\/wp-json\/wp\/v2\/posts"}],"about":[{"href":"https:\/\/tvc16.com\/portal\/wp-json\/wp\/v2\/types\/post"}],"author":[{"embeddable":true,"href":"https:\/\/tvc16.com\/portal\/wp-json\/wp\/v2\/users\/2"}],"replies":[{"embeddable":true,"href":"https:\/\/tvc16.com\/portal\/wp-json\/wp\/v2\/comments?post=98243"}],"version-history":[{"count":1,"href":"https:\/\/tvc16.com\/portal\/wp-json\/wp\/v2\/posts\/98243\/revisions"}],"predecessor-version":[{"id":98246,"href":"https:\/\/tvc16.com\/portal\/wp-json\/wp\/v2\/posts\/98243\/revisions\/98246"}],"wp:featuredmedia":[{"embeddable":true,"href":"https:\/\/tvc16.com\/portal\/wp-json\/wp\/v2\/media\/98245"}],"wp:attachment":[{"href":"https:\/\/tvc16.com\/portal\/wp-json\/wp\/v2\/media?parent=98243"}],"wp:term":[{"taxonomy":"category","embeddable":true,"href":"https:\/\/tvc16.com\/portal\/wp-json\/wp\/v2\/categories?post=98243"},{"taxonomy":"post_tag","embeddable":true,"href":"https:\/\/tvc16.com\/portal\/wp-json\/wp\/v2\/tags?post=98243"}],"curies":[{"name":"wp","href":"https:\/\/api.w.org\/{rel}","templated":true}]}}