{"id":98250,"date":"2025-01-30T08:24:19","date_gmt":"2025-01-30T11:24:19","guid":{"rendered":"https:\/\/tvc16.com\/portal\/?p=98250"},"modified":"2025-01-30T08:24:20","modified_gmt":"2025-01-30T11:24:20","slug":"governo-anuncia-concurso-com-2-mil-vagas-para-a-policia-federal","status":"publish","type":"post","link":"https:\/\/tvc16.com\/portal\/2025\/01\/30\/governo-anuncia-concurso-com-2-mil-vagas-para-a-policia-federal\/","title":{"rendered":"Governo anuncia concurso com 2 mil vagas para a Pol\u00edcia Federal"},"content":{"rendered":"\n<p><em>Ingresso dos novos servidores ocorrer\u00e1 ao longo de 2025 e 2026<\/em><\/p>\n\n\n\n<p>Por Pedro Rafael Vilela &#8211; Rep\u00f3rter da Ag\u00eancia Brasil \/ Foto: Joel Rodrigues\/Ag\u00eancia Bras\u00edlia<\/p>\n\n\n\n<p><\/p>\n\n\n\n<p>O ministro da Justi\u00e7a e Seguran\u00e7a P\u00fablica, Ricardo Lewandowski, anunciou nesta quarta-feira (29) a realiza\u00e7\u00e3o de um novo concurso da Pol\u00edcia Federal que vai preencher 2 mil novas vagas, ampliando o n\u00famero de integrantes da corpora\u00e7\u00e3o de 13 mil para 15 mil policiais. Segundo ele, isso rep\u00f5e o efetivo hist\u00f3rico da PF. O an\u00fancio foi feito no Pal\u00e1cio do Planalto, ap\u00f3s uma reuni\u00e3o com o presidente Luiz In\u00e1cio Lula da Silva, que autorizou a sele\u00e7\u00e3o p\u00fablica. &nbsp; &nbsp;<img decoding=\"async\" src=\"https:\/\/agenciabrasil.ebc.com.br\/ebc.png?id=1628364&amp;o=node\"><img decoding=\"async\" src=\"https:\/\/agenciabrasil.ebc.com.br\/ebc.gif?id=1628364&amp;o=node\"><\/p>\n\n\n\n<p>&#8220;Mais 2 mil policiais federais que ser\u00e3o distribu\u00eddos por todo o Brasil, muito importantes no combate ao crime organizado, na seguran\u00e7a das nossas fronteiras e no combate ao crime ambiental&#8221;, afirmou Lewandowski, detalhando que o presidente autorizou a chamada de mil profissionais em 2025 e mil em 2026. Ele estava acompanhado pela ministra da Gest\u00e3o e Inova\u00e7\u00e3o em Servi\u00e7os P\u00fablicos, Esther Dweck. Segundo ela, a portaria interministerial com a autoriza\u00e7\u00e3o para o concurso, incluindo o n\u00famero exato de vagas e cargos, ser\u00e1 publicada em at\u00e9 duas semanas.<\/p>\n\n\n\n<p>As vagas ser\u00e3o distribu\u00eddas entre todos os cinco cargos da PF: delegado, escriv\u00e3o, papilocopista, agente e perito.<\/p>\n\n\n\n<p>&#8220;O presidente deu uma grande prioridade para esse concurso. E a gente est\u00e1 anunciando logo agora, antes de outros [concurso] que vamos anunciar ao longo do ano, para que eles ingressem o mais r\u00e1pido poss\u00edvel. Tem todo um processo longo e a entrada efetiva deve ocorrer no final desse ano ou s\u00f3 no ano que vem&#8221;, informou a ministra.<\/p>\n\n\n\n<p>Ainda segundo Esther Dweck, os c\u00e1lculos do governo est\u00e3o em linha com a economia de R$ 1 bilh\u00e3o em concursos p\u00fablicos anunciada pela pasta da ministra no final do ano passado, e que consta na Lei Or\u00e7ament\u00e1ria Anual, e n\u00e3o ser\u00e1 afetada por essa nova sele\u00e7\u00e3o. &nbsp;<br><\/p>\n","protected":false},"excerpt":{"rendered":"<p>Ingresso dos novos servidores ocorrer\u00e1 ao longo de 2025 e 2026 Por Pedro Rafael Vilela<\/p>\n","protected":false},"author":2,"featured_media":98251,"comment_status":"open","ping_status":"open","sticky":false,"template":"","format":"standard","meta":{"footnotes":""},"categories":[17],"tags":[],"class_list":["post-98250","post","type-post","status-publish","format-standard","has-post-thumbnail","hentry","category-outras-noticias"],"_links":{"self":[{"href":"https:\/\/tvc16.com\/portal\/wp-json\/wp\/v2\/posts\/98250","targetHints":{"allow":["GET"]}}],"collection":[{"href":"https:\/\/tvc16.com\/portal\/wp-json\/wp\/v2\/posts"}],"about":[{"href":"https:\/\/tvc16.com\/portal\/wp-json\/wp\/v2\/types\/post"}],"author":[{"embeddable":true,"href":"https:\/\/tvc16.com\/portal\/wp-json\/wp\/v2\/users\/2"}],"replies":[{"embeddable":true,"href":"https:\/\/tvc16.com\/portal\/wp-json\/wp\/v2\/comments?post=98250"}],"version-history":[{"count":1,"href":"https:\/\/tvc16.com\/portal\/wp-json\/wp\/v2\/posts\/98250\/revisions"}],"predecessor-version":[{"id":98252,"href":"https:\/\/tvc16.com\/portal\/wp-json\/wp\/v2\/posts\/98250\/revisions\/98252"}],"wp:featuredmedia":[{"embeddable":true,"href":"https:\/\/tvc16.com\/portal\/wp-json\/wp\/v2\/media\/98251"}],"wp:attachment":[{"href":"https:\/\/tvc16.com\/portal\/wp-json\/wp\/v2\/media?parent=98250"}],"wp:term":[{"taxonomy":"category","embeddable":true,"href":"https:\/\/tvc16.com\/portal\/wp-json\/wp\/v2\/categories?post=98250"},{"taxonomy":"post_tag","embeddable":true,"href":"https:\/\/tvc16.com\/portal\/wp-json\/wp\/v2\/tags?post=98250"}],"curies":[{"name":"wp","href":"https:\/\/api.w.org\/{rel}","templated":true}]}}