{"id":98256,"date":"2025-01-31T05:29:00","date_gmt":"2025-01-31T08:29:00","guid":{"rendered":"https:\/\/tvc16.com\/portal\/?p=98256"},"modified":"2025-01-30T08:29:25","modified_gmt":"2025-01-30T11:29:25","slug":"rio-de-janeiro-concentra-74-da-producao-de-gas-natural-no-pais","status":"publish","type":"post","link":"https:\/\/tvc16.com\/portal\/2025\/01\/31\/rio-de-janeiro-concentra-74-da-producao-de-gas-natural-no-pais\/","title":{"rendered":"Rio de Janeiro concentra 74% da produ\u00e7\u00e3o de g\u00e1s natural no pa\u00eds"},"content":{"rendered":"\n<p><em>Produ\u00e7\u00e3o do estado cresceu 6% em 2024, enquanto a nacional aumentou 1%<\/em><\/p>\n\n\n\n<p>Por Ag\u00eancia Brasil \/ Foto: Ag\u00eancia Petrobras<\/p>\n\n\n\n<p><\/p>\n\n\n\n<p>O Rio de Janeiro representa 74% da produ\u00e7\u00e3o de g\u00e1s natural no pa\u00eds, em novo recorde apontado na s\u00e9tima&nbsp;edi\u00e7\u00e3o do estudo Perspectivas do G\u00e1s no Rio 2024-2025, da Federa\u00e7\u00e3o das Ind\u00fastrias do Estado do Rio de Janeiro (Firjan). Enquanto a produ\u00e7\u00e3o m\u00e9dia di\u00e1ria nacional cresceu 1% em 2024, alcan\u00e7ando o patamar de 151 milh\u00f5es de metros c\u00fabicos por dia (m\u00b3\/dia), o estado&nbsp;alcan\u00e7ou 113 milh\u00f5es de m\u00b3\/dia, impulsionado pelo crescimento de 6% na produ\u00e7\u00e3o.<img decoding=\"async\" src=\"https:\/\/agenciabrasil.ebc.com.br\/ebc.png?id=1628349&amp;o=node\"><img decoding=\"async\" src=\"https:\/\/agenciabrasil.ebc.com.br\/ebc.gif?id=1628349&amp;o=node\"><\/p>\n\n\n\n<p>\u201cA federa\u00e7\u00e3o adota o g\u00e1s natural como um dos pilares estrat\u00e9gicos de atua\u00e7\u00e3o para o desenvolvimento da ind\u00fastria e da economia fluminense. Nosso estado \u00e9 o&nbsp;<em>hub<\/em>&nbsp;de g\u00e1s natural do pa\u00eds, agente da descarboniza\u00e7\u00e3o de nossa economia, como uma poderosa ferramenta para aumentar a competitividade da ind\u00fastria local e, ao mesmo tempo, fortalecer a seguran\u00e7a energ\u00e9tica do estado e do pa\u00eds\u201d, afirmou o presidente da Firjan, Luiz C\u00e9sio Caetano.<\/p>\n\n\n\n<p>O estudo destaca que as reservas nacionais cresceram 46% em 2023, a partir de campos em \u00e1guas fluminenses. O Rio representa agora 72% das reservas nacionais, respondendo por 372 bilh\u00f5es\/m\u00b3 dos 517 bilh\u00f5es\/m\u00b3 no pa\u00eds.<\/p>\n\n\n\n<p>A Firjan tamb\u00e9m mapeou que os investimentos ao longo da cadeia de valor do g\u00e1s natural nos pr\u00f3ximos dez anos superam R$ 150 bilh\u00f5es, o que possibilitar\u00e1&nbsp;a gera\u00e7\u00e3o de mais de 60 mil empregos diretos e indiretos, a depender a concretiza\u00e7\u00e3o de projetos.<\/p>\n\n\n\n<p>\u201cO ano de 2024 foi marcante para o mercado de g\u00e1s com grandes avan\u00e7os na abertura do mercado livre de g\u00e1s natural. A migra\u00e7\u00e3o das ind\u00fastrias para o mercado livre de g\u00e1s n\u00e3o s\u00f3 \u00e9 vi\u00e1vel, como \u00e9 essencial para o crescimento sustent\u00e1vel da nossa economia. As ind\u00fastrias urgem pelo direito de buscar solu\u00e7\u00f5es no mercado que proporcionem ganhos de competitividade, com a liberdade de escolha de seu fornecedor\u201d, destaca o presidente da federa\u00e7\u00e3o.<br><\/p>\n","protected":false},"excerpt":{"rendered":"<p>Produ\u00e7\u00e3o do estado cresceu 6% em 2024, enquanto a nacional aumentou 1% Por Ag\u00eancia Brasil<\/p>\n","protected":false},"author":2,"featured_media":98257,"comment_status":"open","ping_status":"open","sticky":false,"template":"","format":"standard","meta":{"footnotes":""},"categories":[17],"tags":[],"class_list":["post-98256","post","type-post","status-publish","format-standard","has-post-thumbnail","hentry","category-outras-noticias"],"_links":{"self":[{"href":"https:\/\/tvc16.com\/portal\/wp-json\/wp\/v2\/posts\/98256","targetHints":{"allow":["GET"]}}],"collection":[{"href":"https:\/\/tvc16.com\/portal\/wp-json\/wp\/v2\/posts"}],"about":[{"href":"https:\/\/tvc16.com\/portal\/wp-json\/wp\/v2\/types\/post"}],"author":[{"embeddable":true,"href":"https:\/\/tvc16.com\/portal\/wp-json\/wp\/v2\/users\/2"}],"replies":[{"embeddable":true,"href":"https:\/\/tvc16.com\/portal\/wp-json\/wp\/v2\/comments?post=98256"}],"version-history":[{"count":1,"href":"https:\/\/tvc16.com\/portal\/wp-json\/wp\/v2\/posts\/98256\/revisions"}],"predecessor-version":[{"id":98258,"href":"https:\/\/tvc16.com\/portal\/wp-json\/wp\/v2\/posts\/98256\/revisions\/98258"}],"wp:featuredmedia":[{"embeddable":true,"href":"https:\/\/tvc16.com\/portal\/wp-json\/wp\/v2\/media\/98257"}],"wp:attachment":[{"href":"https:\/\/tvc16.com\/portal\/wp-json\/wp\/v2\/media?parent=98256"}],"wp:term":[{"taxonomy":"category","embeddable":true,"href":"https:\/\/tvc16.com\/portal\/wp-json\/wp\/v2\/categories?post=98256"},{"taxonomy":"post_tag","embeddable":true,"href":"https:\/\/tvc16.com\/portal\/wp-json\/wp\/v2\/tags?post=98256"}],"curies":[{"name":"wp","href":"https:\/\/api.w.org\/{rel}","templated":true}]}}