{"id":98259,"date":"2025-01-30T08:30:44","date_gmt":"2025-01-30T11:30:44","guid":{"rendered":"https:\/\/tvc16.com\/portal\/?p=98259"},"modified":"2025-01-30T08:30:45","modified_gmt":"2025-01-30T11:30:45","slug":"pf-aumentou-em-70-apreensoes-contra-crime-organizado-diz-lewandowski","status":"publish","type":"post","link":"https:\/\/tvc16.com\/portal\/2025\/01\/30\/pf-aumentou-em-70-apreensoes-contra-crime-organizado-diz-lewandowski\/","title":{"rendered":"PF aumentou em 70% apreens\u00f5es contra crime organizado, diz Lewandowski"},"content":{"rendered":"\n<p><em>Apreens\u00f5es feitas em 2024 resultaram no valor total de R$ 5,6 bilh\u00f5es<\/em><\/p>\n\n\n\n<p>Por Andr\u00e9 Richter &#8211; Rep\u00f3rter da Ag\u00eancia Brasil \/ Foto: Jamile Ferraris\/MJSP<\/p>\n\n\n\n<p><\/p>\n\n\n\n<p>O ministro da Justi\u00e7a e Seguran\u00e7a P\u00fablica, Ricardo Lewandowski, afirmou nesta quarta-feira que (29) a Pol\u00edcia Federal (PF) aumentou em 70% o n\u00famero de apreens\u00f5es de bens e dinheiro oriundos do crime organizado. Os dados fazem parte do balan\u00e7o do trabalho realizado pela PF em 2024.<img decoding=\"async\" src=\"https:\/\/agenciabrasil.ebc.com.br\/ebc.png?id=1628327&amp;o=node\"><img decoding=\"async\" src=\"https:\/\/agenciabrasil.ebc.com.br\/ebc.gif?id=1628327&amp;o=node\"><\/p>\n\n\n\n<p>De acordo com o levantamento, as apreens\u00f5es realizadas pela PF resultaram no valor total de R$ 5,6 bilh\u00f5es, n\u00famero 70% superior ao do ano de 2023, quando foram apreendidos R$ 3,3 bilh\u00f5es.<\/p>\n\n\n\n<p>Para o ministro, o aumento no n\u00famero de apreens\u00f5es demonstra que a PF est\u00e1 descapitalizando o crime organizado no pa\u00eds.<\/p>\n\n\n\n<p>&#8220;Esses dados n\u00e3o apenas demonstram o \u00eaxito das opera\u00e7\u00f5es, mas tamb\u00e9m o impacto direto na redu\u00e7\u00e3o da capacidade de a\u00e7\u00e3o de fac\u00e7\u00f5es criminosas em nosso pa\u00eds&#8221;, afirmou.<\/p>\n\n\n\n<p>Ricardo Lewandowski tamb\u00e9m destacou as principais investiga\u00e7\u00f5es realizadas pelos agentes, como a finaliza\u00e7\u00e3o do inqu\u00e9rito que tratou da morte da vereadora Marielle Franco e do motorista Anderson Gomes, em 2018.<\/p>\n\n\n\n<p>&#8220;A elucida\u00e7\u00e3o desses crimes, que por anos permearam a sociedade brasileira com a sensa\u00e7\u00e3o de impunidade, foi mais uma vit\u00f3ria do trabalho diligente da Pol\u00edcia Federal&#8221;, completou.<\/p>\n\n\n\n<h2 class=\"wp-block-heading\">Drogas<\/h2>\n\n\n\n<p>Tamb\u00e9m foi registrado aumento no n\u00famero de apreens\u00f5es de drogas. Durante o ano passado, a PF apreendeu 74,5 toneladas de coca\u00edna, n\u00famero 2,8% maior que a quantidade apreendida em 2023. Houve aumento de 15% nas apreens\u00f5es de maconha e de 20,7% na de ecstasy.<\/p>\n\n\n\n<h2 class=\"wp-block-heading\">Crimes ambientais<\/h2>\n\n\n\n<p>O levantamento da PF tamb\u00e9m mostra redu\u00e7\u00e3o no desmatamento. No ano passado, foi registrada queda de 30% nas \u00e1reas desmatadas em todo o Brasil, passando de 16,5 mil quil\u00f4metros quadrados (km\u00b2) em 2023 para 11,5 mil km\u00b2.<\/p>\n\n\n\n<h2 class=\"wp-block-heading\">Armas de fogo<\/h2>\n\n\n\n<p>A PF tamb\u00e9m registrou queda de 11,6% nas emiss\u00f5es de registros de armas de fogo. Em 2023, foram 28.402 registros. No ano passado, 25.097 emiss\u00f5es foram feitas.<\/p>\n\n\n\n<p>As emiss\u00f5es de porte de arma ca\u00edram 30% e passaram de 2.469 (2023) para 1.727 (2024).<\/p>\n\n\n\n<p>Segundo o diretor-geral da Pol\u00edcia Federal, Andrei Rodrigues, a redu\u00e7\u00e3o ocorreu por causa da pol\u00edtica adotada pelo governo federal para restringir a concess\u00e3o de registros, que foram facilitados durante&nbsp;o governo&nbsp;Jair Bolsonaro.<\/p>\n\n\n\n<p>&#8220;N\u00f3s tivermos uma redu\u00e7\u00e3o no registro de arma de fogo e uma redu\u00e7\u00e3o na concess\u00e3o de portes de arma de fogo, seguindo a pol\u00edtica p\u00fablica determinada pelo governo brasileiro, que n\u00f3s somos os cumpridores&#8221;, completou.<\/p>\n\n\n\n<h2 class=\"wp-block-heading\">Coopera\u00e7\u00e3o internacional<\/h2>\n\n\n\n<p>Durante a apresenta\u00e7\u00e3o dos dados, o diretor-geral da Pol\u00edcia Federal, Andrei Rodrigues, defendeu a coopera\u00e7\u00e3o internacional para continuar o combate ao crime organizado&nbsp;no Brasil, que envolve la\u00e7os com crimes ambientais, tr\u00e1fico de drogas, entre outros.<\/p>\n\n\n\n<p>Rodrigues destacou a elei\u00e7\u00e3o do delegado Valdecy Urquiza, realizada no ano passado, para comandar a secret\u00e1ria-geral da Interpol, grupo que re\u00fane profissionais das pol\u00edcias de diversos pa\u00edses.<\/p>\n\n\n\n<p>&#8220;N\u00f3s temos que trabalhar fora de nossas fronteiras, com a coopera\u00e7\u00e3o internacional, com integra\u00e7\u00e3o, troca de dados, informa\u00e7\u00f5es, experi\u00eancias e capacita\u00e7\u00e3o&#8221;, comentou.<br><\/p>\n","protected":false},"excerpt":{"rendered":"<p>Apreens\u00f5es feitas em 2024 resultaram no valor total de R$ 5,6 bilh\u00f5es Por Andr\u00e9 Richter<\/p>\n","protected":false},"author":2,"featured_media":98260,"comment_status":"open","ping_status":"open","sticky":false,"template":"","format":"standard","meta":{"footnotes":""},"categories":[17],"tags":[],"class_list":["post-98259","post","type-post","status-publish","format-standard","has-post-thumbnail","hentry","category-outras-noticias"],"_links":{"self":[{"href":"https:\/\/tvc16.com\/portal\/wp-json\/wp\/v2\/posts\/98259","targetHints":{"allow":["GET"]}}],"collection":[{"href":"https:\/\/tvc16.com\/portal\/wp-json\/wp\/v2\/posts"}],"about":[{"href":"https:\/\/tvc16.com\/portal\/wp-json\/wp\/v2\/types\/post"}],"author":[{"embeddable":true,"href":"https:\/\/tvc16.com\/portal\/wp-json\/wp\/v2\/users\/2"}],"replies":[{"embeddable":true,"href":"https:\/\/tvc16.com\/portal\/wp-json\/wp\/v2\/comments?post=98259"}],"version-history":[{"count":1,"href":"https:\/\/tvc16.com\/portal\/wp-json\/wp\/v2\/posts\/98259\/revisions"}],"predecessor-version":[{"id":98261,"href":"https:\/\/tvc16.com\/portal\/wp-json\/wp\/v2\/posts\/98259\/revisions\/98261"}],"wp:featuredmedia":[{"embeddable":true,"href":"https:\/\/tvc16.com\/portal\/wp-json\/wp\/v2\/media\/98260"}],"wp:attachment":[{"href":"https:\/\/tvc16.com\/portal\/wp-json\/wp\/v2\/media?parent=98259"}],"wp:term":[{"taxonomy":"category","embeddable":true,"href":"https:\/\/tvc16.com\/portal\/wp-json\/wp\/v2\/categories?post=98259"},{"taxonomy":"post_tag","embeddable":true,"href":"https:\/\/tvc16.com\/portal\/wp-json\/wp\/v2\/tags?post=98259"}],"curies":[{"name":"wp","href":"https:\/\/api.w.org\/{rel}","templated":true}]}}