{"id":9827,"date":"2021-01-23T15:36:08","date_gmt":"2021-01-23T18:36:08","guid":{"rendered":"https:\/\/tvc16.com\/portal\/?p=9827"},"modified":"2021-01-23T15:49:39","modified_gmt":"2021-01-23T18:49:39","slug":"detran-rj-disponibiliza-48-postos-para-vacinacao-contra-a-covid-19-o-de-petropolis-e-um-deles-confira-a-lista-com-os-enderecos","status":"publish","type":"post","link":"https:\/\/tvc16.com\/portal\/2021\/01\/23\/detran-rj-disponibiliza-48-postos-para-vacinacao-contra-a-covid-19-o-de-petropolis-e-um-deles-confira-a-lista-com-os-enderecos\/","title":{"rendered":"Detran RJ disponibiliza 48 postos para vacina\u00e7\u00e3o contra a Covid-19. O de Petr\u00f3polis \u00e9 um deles. Confira a lista com os endere\u00e7os"},"content":{"rendered":"\n<p><br>O Detran.RJ ofereceu \u00e0 Secretaria de Estado de Sa\u00fade 48 postos do \u00f3rg\u00e3o para a campanha de vacina\u00e7\u00e3o contra a Covid-19. S\u00e3o unidades em todas as regi\u00f5es do estado, em \u00e1reas de grande circula\u00e7\u00e3o de pessoas.&nbsp;<br>Em of\u00edcio encaminhado \u00e0 pasta, o presidente do Detran.RJ, Adolfo Konder, explicou que, com a oferta, o departamento tem o intuito de contribuir, com os melhores esfor\u00e7os, para a efetiva\u00e7\u00e3o da pol\u00edtica sanit\u00e1ria adotada no \u00e2mbito do Estado do Rio de Janeiro, viabilizando sua capilariza\u00e7\u00e3o, com atendimento de toda a popula\u00e7\u00e3o fluminense.<\/p>\n\n\n\n<p>Ficar\u00e1 a cargo da Secretaria de Sa\u00fade estabelecer a estrat\u00e9gia de utiliza\u00e7\u00e3o desses postos.<\/p>\n\n\n\n<p><strong>Lista de unidades disponibilizadas para a campanha de vacina\u00e7\u00e3o:<br><\/strong><br><strong>BARRA&nbsp;<\/strong>(AeroTown Power Center) &#8211; Av. Ayrton Senna, 2.541<\/p>\n\n\n\n<p><strong>FRANCISCO BICALHO<\/strong>&nbsp;&#8211; R. Idalina, 35<\/p>\n\n\n\n<p><strong>URSD\/ILHA<\/strong>&nbsp;&#8211; Estrada Praia de Tubiacanga, S\/N<\/p>\n\n\n\n<p><strong>PARADA DE LUCAS&nbsp;<\/strong>&#8211; Av. Brasil, 13.350<\/p>\n\n\n\n<p><strong>CEASA<\/strong>&nbsp;&#8211; Av. Brasil, 19.001- Iraj\u00e1<\/p>\n\n\n\n<p><strong>CAMPO GRANDE<\/strong>&nbsp;&#8211; Estr. do Mendanha, 1672<\/p>\n\n\n\n<p><strong>NOVA IGUA\u00c7U<\/strong>&nbsp;&#8211; Estr. Adrian\u00f3polis, s\/n Bairro Botafogo<br><strong>S\u00c3O GON\u00c7ALO<\/strong>&nbsp;&#8211; R. Oliveira Botelho, 167 &#8211; Neves<\/p>\n\n\n\n<p><strong>NITER\u00d3I&nbsp;<\/strong>&#8211; R. Desemb. Lima Castro, 276 &#8211; Cubango \/ Fonseca<\/p>\n\n\n\n<p><strong>REDUC&nbsp;<\/strong>&#8211; Rod. Washington Luiz, Km 10,5 &#8211; Sa\u00edda 114<\/p>\n\n\n\n<p><strong>SANTA CRUZ&nbsp;<\/strong>&#8211; Av. \u00c1tila Temporal, s\/n<br><strong>ITABORA\u00cd<\/strong>&nbsp;&#8211; Av. 22 de Maio &#8211; Venda das Pedras Antigo term. da CODERT<\/p>\n\n\n\n<p><strong>VILA ISABEL&nbsp;<\/strong>&#8211; R. Torres Homem, 697<\/p>\n\n\n\n<p><strong>MACHADO DE ASSIS<\/strong>&nbsp;&#8211; R. do Catete, 325<br><strong>COCOT\u00c1 ( ILHA )<\/strong>&nbsp;&#8211; P\u00e7. Poeta Manoel Bandeira, s\/n &#8211; Pr. De Olaria<\/p>\n\n\n\n<p><strong>HADDOCK LOBO&nbsp;<\/strong>&#8211; R. Jo\u00e3o Paulo, s\/n<\/p>\n\n\n\n<p><strong>MAG\u00c9&nbsp;<\/strong>&#8211; Av. Sim\u00e3o da Motta, 329 &#8211; Centro<br><strong>BELFORD ROXO<\/strong>&nbsp;&#8211; Av. Jorge Julio Costa dos Santos, 200<\/p>\n\n\n\n<p><strong>S\u00c3O JO\u00c3O DE MERITI<\/strong>&nbsp;&#8211; Rua Maria Soares Sendas Lt 02<\/p>\n\n\n\n<p><strong>NIL\u00d3POLIS&nbsp;<\/strong>&#8211; Rua P\u00e7. Wallace Paes Leme, 1.508<\/p>\n\n\n\n<p><strong>QUEIMADOS&nbsp;<\/strong>&#8211; Rua Maria Clara, 116 &#8211; Vila Camarim<\/p>\n\n\n\n<p><strong>MESQUITA&nbsp;<\/strong>&#8211; Rua Juliana, 478 &#8211; Santo Elias<\/p>\n\n\n\n<p><strong>PARA\u00cdBA DO SUL<\/strong>&nbsp;&#8211; Rov. L\u00facio Meira, Km 171 &#8211; BR 393<\/p>\n\n\n\n<p><strong>VALEN\u00c7A&nbsp;<\/strong>&#8211; Av. Geraldo de Lima Bastos, 999<\/p>\n\n\n\n<p><strong>CACHOEIRAS DE MACACU<\/strong>&nbsp;&#8211; R. Moacyr Braga Landi, s\/n<\/p>\n\n\n\n<p><strong>PATY DO ALFERES<\/strong>&nbsp;&#8211; P\u00e7. Prof. Corn\u00e9lio Jos\u00e9 Neto, s\/n<\/p>\n\n\n\n<p><strong>TERES\u00d3POLIS&nbsp;<\/strong>&#8211; R. Avelino Machado Bastos, 250<\/p>\n\n\n\n<p><strong>CORDEIRO&nbsp;<\/strong>&#8211; Pq. De Exposi\u00e7\u00f5es Raul Veiga<br><strong>PARACAMBI&nbsp;<\/strong>&#8211; Estr. RJ 127, 10.604<\/p>\n\n\n\n<p><strong>CAMPOS I&nbsp;<\/strong>&#8211; R. XV de Novembro, 70-80<\/p>\n\n\n\n<p><strong>CAMPOS II<\/strong>&nbsp;&#8211; Av. Nilo Pe\u00e7anha, 614 &#8211; Ref.Shopping Strada<\/p>\n\n\n\n<p><strong>VOLTA REDONDA&nbsp;<\/strong>&#8211; Av. Francisco Cristiano Torres, 1135<\/p>\n\n\n\n<p><strong>BARRA MANSA<\/strong>&nbsp;&#8211; Av. Homero Leite, 440 &#8211; Saudade<\/p>\n\n\n\n<p><strong>ITAPERUNA&nbsp;<\/strong>&#8211; R. Greg\u00f3rio Lopes, 226 &#8211; Niter\u00f3i Ref. Em frente ao Mercado Teixeir\u00e3o<\/p>\n\n\n\n<p><strong>VASSOURAS&nbsp;<\/strong>&#8211; Rod. L\u00facio Meira, Km 223<\/p>\n\n\n\n<p><strong>S\u00c3O PEDRO D\u00b4ALDEIA&nbsp;<\/strong>&#8211; R. Gustavo Adolfo Menezes, 5<\/p>\n\n\n\n<p><strong>ANGRA DOS REIS<\/strong>&nbsp;&#8211; Rua Poeta Brasil dos Reis, s\/n Praia do Anil<\/p>\n\n\n\n<p><strong>BOM JESUS DO ITABAPOANA<\/strong>&nbsp;&#8211; R. Aristides Figueiredo, 8 &#8211; Centro<\/p>\n\n\n\n<p><strong>B\u00daZIOS&nbsp;&nbsp;<\/strong>&#8211; Est. Cabo Frio\/B\u00fazios n\u00ba60<\/p>\n\n\n\n<p><strong>MACUCO&nbsp;<\/strong>&#8211; Pq.exposi\u00e7\u00e3o Edgard R.Luthebarck<\/p>\n\n\n\n<p><strong>PETR\u00d3POLIS&nbsp;<\/strong>&#8211; Rua Conde Afonso Celso, n\u00ba66 Alto da Serra<\/p>\n\n\n\n<p><strong>BARRA DO PIRA\u00cd<\/strong>&nbsp;&#8211; Rua S\u00e3o Jo\u00e2o Batista, 452 Bairro oficina velha<\/p>\n\n\n\n<p><strong>MACA\u00c9&nbsp;<\/strong>&#8211; Rua&nbsp; Vit\u00f3ria R\u00e9gia, 283 Bairro Aroeira<\/p>\n\n\n\n<p><strong>RESENDE&nbsp;<\/strong>&#8211; Rua Macedo Miranda, Lt 63\/64 Jardim Jalisco<\/p>\n\n\n\n<p><strong>NOVA FRIBURGO&nbsp;<\/strong>&#8211; Av. Jos\u00e9 Roberto da Silveira, 74 Bairro Duas Pedras &#8211; Novo Friburgo<\/p>\n\n\n\n<p><strong>CASIMIRO DE ABREU<\/strong>&nbsp;&#8211; RODOVIA BR 101, KM 207, GALP\u00c3O C\/ LOTEAMENTO PEDRO RATTES BASTOS<\/p>\n\n\n\n<p><strong>ARARUAMA II<\/strong>&nbsp;&#8211; Av. Get\u00falio Vargas &#8211; Parque Hotel<\/p>\n\n\n\n<p><strong>MIGUEL PEREIRA&nbsp;<\/strong>&#8211; Av. Trapia, 29 &#8211; Pq Guararapes<\/p>\n","protected":false},"excerpt":{"rendered":"<p>O Detran.RJ ofereceu \u00e0 Secretaria de Estado de Sa\u00fade 48 postos do \u00f3rg\u00e3o para a<\/p>\n","protected":false},"author":2,"featured_media":9830,"comment_status":"open","ping_status":"open","sticky":false,"template":"","format":"standard","meta":{"footnotes":""},"categories":[12],"tags":[],"class_list":["post-9827","post","type-post","status-publish","format-standard","has-post-thumbnail","hentry","category-cidade"],"_links":{"self":[{"href":"https:\/\/tvc16.com\/portal\/wp-json\/wp\/v2\/posts\/9827","targetHints":{"allow":["GET"]}}],"collection":[{"href":"https:\/\/tvc16.com\/portal\/wp-json\/wp\/v2\/posts"}],"about":[{"href":"https:\/\/tvc16.com\/portal\/wp-json\/wp\/v2\/types\/post"}],"author":[{"embeddable":true,"href":"https:\/\/tvc16.com\/portal\/wp-json\/wp\/v2\/users\/2"}],"replies":[{"embeddable":true,"href":"https:\/\/tvc16.com\/portal\/wp-json\/wp\/v2\/comments?post=9827"}],"version-history":[{"count":2,"href":"https:\/\/tvc16.com\/portal\/wp-json\/wp\/v2\/posts\/9827\/revisions"}],"predecessor-version":[{"id":9831,"href":"https:\/\/tvc16.com\/portal\/wp-json\/wp\/v2\/posts\/9827\/revisions\/9831"}],"wp:featuredmedia":[{"embeddable":true,"href":"https:\/\/tvc16.com\/portal\/wp-json\/wp\/v2\/media\/9830"}],"wp:attachment":[{"href":"https:\/\/tvc16.com\/portal\/wp-json\/wp\/v2\/media?parent=9827"}],"wp:term":[{"taxonomy":"category","embeddable":true,"href":"https:\/\/tvc16.com\/portal\/wp-json\/wp\/v2\/categories?post=9827"},{"taxonomy":"post_tag","embeddable":true,"href":"https:\/\/tvc16.com\/portal\/wp-json\/wp\/v2\/tags?post=9827"}],"curies":[{"name":"wp","href":"https:\/\/api.w.org\/{rel}","templated":true}]}}