{"id":98272,"date":"2025-01-30T11:41:28","date_gmt":"2025-01-30T14:41:28","guid":{"rendered":"https:\/\/tvc16.com\/portal\/?p=98272"},"modified":"2025-01-30T11:41:30","modified_gmt":"2025-01-30T14:41:30","slug":"cob-aprova-candidatura-de-rio-e-niteroi-ao-pan-americano-de-2031","status":"publish","type":"post","link":"https:\/\/tvc16.com\/portal\/2025\/01\/30\/cob-aprova-candidatura-de-rio-e-niteroi-ao-pan-americano-de-2031\/","title":{"rendered":"COB aprova candidatura de Rio e Niter\u00f3i ao Pan-Americano de 2031"},"content":{"rendered":"\n<p><em>Assembleia foi realizada nesta quarta-feira (29) na capital fluminense<\/em><\/p>\n\n\n\n<p>Por Rafael Cardoso &#8211; Rep\u00f3rter da Ag\u00eancia Brasil \/ Foto: Fernando Fraz\u00e3o\/Ag\u00eancia Brasil<\/p>\n\n\n\n<p><\/p>\n\n\n\n<p>O Comit\u00ea Ol\u00edmpico do Brasil (COB) aprovou nesta quarta-feira&nbsp;(29) a candidatura conjunta das cidades do Rio de Janeiro e Niter\u00f3i aos Jogos Pan-Americanos e Parapan-Americanos de 2031. Votaram na assembleia realizada na capital fluminense representantes de confedera\u00e7\u00f5es esportivas e da Comiss\u00e3o de Atletas do COB. Foram 48 votos a favor, um contra e um em branco.<img decoding=\"async\" src=\"https:\/\/agenciabrasil.ebc.com.br\/ebc.png?id=1628385&amp;o=node\"><img decoding=\"async\" src=\"https:\/\/agenciabrasil.ebc.com.br\/ebc.gif?id=1628385&amp;o=node\"><\/p>\n\n\n\n<p>As duas cidades foram as \u00fanicas candidatas do Brasil para sediar os eventos, depois que S\u00e3o Paulo desistiu do pleito no \u00faltimo dia 16 e declarou apoio a elas. A etapa seguinte \u00e9 oficializar a postula\u00e7\u00e3o at\u00e9 dia 31 com a Panam Sports, institui\u00e7\u00e3o respons\u00e1vel pelos Jogos no continente. No dia 1\u00ba de maio, a Panam Sports vai divulgar quais cidades poder\u00e3o permanecer na disputa. Al\u00e9m do Brasil, apenas o Paraguai&nbsp;oficializou uma candidatura com a cidade de Assun\u00e7\u00e3o.<\/p>\n\n\n\n<p>\u201cVamos ver quais s\u00e3o as cidades candidatas e partir para a constru\u00e7\u00e3o pol\u00edtica. Sentar com as confedera\u00e7\u00f5es da Am\u00e9rica, conversar com o Paraguai e ver se \u00e9 poss\u00edvel fazer um acordo. Vamos come\u00e7ar a trabalhar para que Rio e Niter\u00f3i sejam confirmadas como sede dos Jogos\u201d, disse o presidente do COB, Marco La Porta.<\/p>\n\n\n<div class=\"wp-block-image\">\n<figure class=\"alignleft is-resized\"><img decoding=\"async\" src=\"https:\/\/imagens.ebc.com.br\/GqPJQkF1bCT43cjMFEgkUgWU8Es=\/754x0\/smart\/https:\/\/agenciabrasil.ebc.com.br\/sites\/default\/files\/thumbnails\/image\/2025\/01\/29\/1000007715.jpg?itok=tu2bWmij\" alt=\"Rio de Janeiro (RJ) 29\/01\/2025 - Os prefeitos do Rio de Janeiro, Eduardo Paes, e de Niter\u00f3i, Rodrigo Neves, com o ministro do Esporte, Andr\u00e9 Fufuca, e o presidente do Comit\u00ea Ol\u00edmpico Brasileiro, Marco Ant\u00f4nio La Porta, na aprova\u00e7\u00e3o da candidatura das cidades aos Jogos Pan-americanos de 2031. Foto: Fernando Fraz\u00e3o\/Ag\u00eancia Brasil\" style=\"width:467px;height:auto\" title=\"Fernando Fraz\u00e3o\/Ag\u00eancia Brasil\"\/><figcaption class=\"wp-element-caption\"><em>O\u00a0prefeito\u00a0de Niter\u00f3i, Rodrigo Neves,\u00a0o presidente do COB, Marco Ant\u00f4nio La Porta, o ministro do Esporte, Andr\u00e9 Fufuca, e o prefeito do Rio, Eduardo Paes, na aprova\u00e7\u00e3o da candidatura das duas cidades aos Jogos Pan-Americanos de 2031 &#8211;\u00a0<strong>Fernando Fraz\u00e3o\/Ag\u00eancia Brasil<\/strong><\/em><\/figcaption><\/figure>\n<\/div>\n\n\n<h6 class=\"wp-block-heading\"><\/h6>\n\n\n\n<p>A candidatura conta com o apoio do governo federal. Na sexta-feira (24), os prefeitos do Rio de Janeiro, Eduardo Paes, e de Niter\u00f3i, Rodrigo Neves, estiveram no Pal\u00e1cio do Planalto, em Bras\u00edlia, para conversar com o presidente Luiz In\u00e1cio Lula da Silva. Foi assinada uma&nbsp;<a href=\"https:\/\/agenciabrasil.ebc.com.br\/esportes\/noticia\/2025-01\/lula-publica-carta-de-apoio-rio-niteroi-nos-jogos-panamericanos-2031\" target=\"_blank\" rel=\"noreferrer noopener\">carta de garantias<\/a>, em nome do governo federal, para ser apresentada \u00e0 Panam Sports.<\/p>\n\n\n\n<p>A \u00faltima vez que o Brasil sediou os Jogos Pan-Americanos foi em 2007, no Rio de Janeiro. A cidade tamb\u00e9m foi palco dos Jogos Ol\u00edmpicos de 2016 e uma das sedes da Copa do Mundo de 2014. Essa experi\u00eancia acumulada ao longo dos \u00faltimos anos \u00e9 uma das apostas da candidatura para ser bem-sucedida.<\/p>\n\n\n\n<p>\u201cTenho certeza de que vamos sair vitoriosos e realizar os Jogos com muita qualidade. A estrutura est\u00e1 pronta, h\u00e1 pouca coisa que precisa ser feita e ser\u00e3o estruturas provis\u00f3rias. Poderemos dar muito foco no esporte e no legado\u201d, disse o prefeito do Rio, Eduardo Paes.<\/p>\n\n\n\n<p>\u201cEstes Jogos representam um legado extraordin\u00e1rio para a popula\u00e7\u00e3o e o desenvolvimento da regi\u00e3o metropolitana do Rio. O projeto da Linha 3&nbsp;do Metr\u00f4 certamente \u00e9 muito importante para o desenvolvimento do Rio e da regi\u00e3o metropolitana. Mas ressalto a nossa convic\u00e7\u00e3o de que a marca desse Pan 2031 vai ser um legado para o esporte. Temos condi\u00e7\u00f5es de, para as pr\u00f3ximas gera\u00e7\u00f5es, elevar o pa\u00eds \u00e0 condi\u00e7\u00e3o de desenvolvido na educa\u00e7\u00e3o, na cultura e no esporte\u201d, complementou o prefeito de Niter\u00f3i, Rodrigo Neves.<br><\/p>\n","protected":false},"excerpt":{"rendered":"<p>Assembleia foi realizada nesta quarta-feira (29) na capital fluminense Por Rafael Cardoso &#8211; Rep\u00f3rter da<\/p>\n","protected":false},"author":2,"featured_media":98273,"comment_status":"open","ping_status":"open","sticky":false,"template":"","format":"standard","meta":{"footnotes":""},"categories":[17],"tags":[],"class_list":["post-98272","post","type-post","status-publish","format-standard","has-post-thumbnail","hentry","category-outras-noticias"],"_links":{"self":[{"href":"https:\/\/tvc16.com\/portal\/wp-json\/wp\/v2\/posts\/98272","targetHints":{"allow":["GET"]}}],"collection":[{"href":"https:\/\/tvc16.com\/portal\/wp-json\/wp\/v2\/posts"}],"about":[{"href":"https:\/\/tvc16.com\/portal\/wp-json\/wp\/v2\/types\/post"}],"author":[{"embeddable":true,"href":"https:\/\/tvc16.com\/portal\/wp-json\/wp\/v2\/users\/2"}],"replies":[{"embeddable":true,"href":"https:\/\/tvc16.com\/portal\/wp-json\/wp\/v2\/comments?post=98272"}],"version-history":[{"count":1,"href":"https:\/\/tvc16.com\/portal\/wp-json\/wp\/v2\/posts\/98272\/revisions"}],"predecessor-version":[{"id":98274,"href":"https:\/\/tvc16.com\/portal\/wp-json\/wp\/v2\/posts\/98272\/revisions\/98274"}],"wp:featuredmedia":[{"embeddable":true,"href":"https:\/\/tvc16.com\/portal\/wp-json\/wp\/v2\/media\/98273"}],"wp:attachment":[{"href":"https:\/\/tvc16.com\/portal\/wp-json\/wp\/v2\/media?parent=98272"}],"wp:term":[{"taxonomy":"category","embeddable":true,"href":"https:\/\/tvc16.com\/portal\/wp-json\/wp\/v2\/categories?post=98272"},{"taxonomy":"post_tag","embeddable":true,"href":"https:\/\/tvc16.com\/portal\/wp-json\/wp\/v2\/tags?post=98272"}],"curies":[{"name":"wp","href":"https:\/\/api.w.org\/{rel}","templated":true}]}}