{"id":98283,"date":"2025-01-31T05:00:00","date_gmt":"2025-01-31T08:00:00","guid":{"rendered":"https:\/\/tvc16.com\/portal\/?p=98283"},"modified":"2025-01-30T15:53:33","modified_gmt":"2025-01-30T18:53:33","slug":"cartas-visuais-conectam-publico-de-todas-as-idades-e-artistas-pcds-na-mostra-atelie-arte-lavrinha-no-vale-do-cuiaba","status":"publish","type":"post","link":"https:\/\/tvc16.com\/portal\/2025\/01\/31\/cartas-visuais-conectam-publico-de-todas-as-idades-e-artistas-pcds-na-mostra-atelie-arte-lavrinha-no-vale-do-cuiaba\/","title":{"rendered":"Cartas visuais conectam p\u00fablico de todas as idades e artistas PcDs na mostra \u201cAteli\u00ea Arte Lavrinha\u201d no Vale do Cuiab\u00e1"},"content":{"rendered":"\n<p>A Esta\u00e7\u00e3o Jaqueira, no Vale do Cuiab\u00e1, em Petr\u00f3polis, est\u00e1 em plena atividade e segue promovendo a inclus\u00e3o no cen\u00e1rio cultural com a exposi\u00e7\u00e3o \u201cAteli\u00ea Arte Lavrinha\u201d. A mostra apresenta pinturas, desenhos e esculturas de cinco artistas com defici\u00eancia (PcDs) \u2014 Francisco Laurentino da Cunha, o Catita; Ivanir de Carvalho Silva; Maria Aparecida da Silva, Cida; Rosineia da Silva, e Luciano Amaral Capistrano \u2014 e oferece uma programa\u00e7\u00e3o gratuita e interativa, aberta a visitantes de todas as idades.<\/p>\n\n\n\n<p>Entre as atividades de destaque est\u00e3o as oficinas, realizadas sempre aos s\u00e1bados. Durante os encontros, os participantes s\u00e3o convidados a traduzir suas impress\u00f5es sobre as obras em cria\u00e7\u00f5es pr\u00f3prias, utilizando formas e cores \u00e0 sua maneira.<\/p>\n\n\n\n<p>Neste s\u00e1bado (1\u00ba), os participantes ter\u00e3o a oportunidade de criar suas pr\u00f3prias cartas visuais, uma esp\u00e9cie de homenagem aos artistas da mostra. As vagas s\u00e3o limitadas a 12 pessoas, e as inscri\u00e7\u00f5es podem ser realizadas at\u00e9 esta sexta-feira (31), \u00e0s 16h, pelo WhatsApp (21) 97205-2041. A ideia \u00e9 que as cartas produzidas sejam entregues aos artistas na finissage da exposi\u00e7\u00e3o, marcada para o final de maio, como um gesto de troca simb\u00f3lica.<\/p>\n\n\n\n<p>Programa\u00e7\u00e3o interativa aos s\u00e1bados<\/p>\n\n\n\n<p>Aos s\u00e1bados, as atividades come\u00e7am com uma visita guiada \u00e0 exposi\u00e7\u00e3o, das 10h \u00e0s 11h, conduzida pelo co-curador Carlos Feij\u00f3. Durante o passeio, o p\u00fablico pode explorar o universo dos artistas PcDs, compreendendo suas semelhan\u00e7as, diferen\u00e7as e inspira\u00e7\u00f5es. Em seguida, das 11h \u00e0s 13h, acontecem as oficinas. Neste s\u00e1bado, a proposta \u00e9 criar cartas visuais, como explica Carlos Feij\u00f3. \u201cEssas cartas funcionam como um di\u00e1logo sens\u00edvel entre os visitantes e os artistas, porque expressam as emo\u00e7\u00f5es e percep\u00e7\u00f5es de quem vivencia a exposi\u00e7\u00e3o. Ent\u00e3o \u00e9 uma troca muito bonita, cheia de significado\u201d, afirma Feij\u00f3, que tamb\u00e9m coordena as oficinas.<\/p>\n\n\n\n<p>Mais sobre \u201cAteli\u00ea Arte Lavrinha\u201d<\/p>\n\n\n\n<p>A mostra, inaugurada em outubro de 2024, \u00e9 fruto de uma parceria entre a Reserva Particular do Patrim\u00f4nio Natural (RPPN) Ave Lavrinha e a Esta\u00e7\u00e3o Jaqueira, com curadoria de Nietta Monte, Carlos Feij\u00f3 e Deni Cl\u00e1udio. A iniciativa busca valorizar a produ\u00e7\u00e3o art\u00edstica de pessoas com defici\u00eancia, muitas vezes ausentes dos espa\u00e7os convencionais da arte contempor\u00e2nea.<\/p>\n\n\n\n<p>A programa\u00e7\u00e3o tamb\u00e9m convida escolas e institui\u00e7\u00f5es terap\u00eauticas a participarem, criando um espa\u00e7o de aprendizado e, sobretudo, reflex\u00e3o a respeito da inclus\u00e3o nas artes, cultura e educa\u00e7\u00e3o. A exposi\u00e7\u00e3o segue aberta \u00e0 visita\u00e7\u00e3o gratuita at\u00e9 o dia 25 de maio.<\/p>\n\n\n\n<p>Servi\u00e7o \u2013 Visita guiada e oficina gratuita na Esta\u00e7\u00e3o Jaqueira<br>Data: 1\u00ba de fevereiro (s\u00e1bado)<br>Hor\u00e1rios: 11h \u00e0s 13h<br>Local: Esta\u00e7\u00e3o Jaqueira \u2013 Estrada Ministro Salgado Filho, 2781, Vale do Cuiab\u00e1, Petr\u00f3polis<br>Inscri\u00e7\u00f5es: At\u00e9 sexta-feira (31), \u00e0s 16h, pelo WhatsApp (21) 97205-2041<br>Entrada gratuita<\/p>\n\n\n\n<p>Foto: divulga\u00e7\u00e3o <\/p>\n","protected":false},"excerpt":{"rendered":"<p>A Esta\u00e7\u00e3o Jaqueira, no Vale do Cuiab\u00e1, em Petr\u00f3polis, est\u00e1 em plena atividade e segue<\/p>\n","protected":false},"author":2,"featured_media":98284,"comment_status":"open","ping_status":"open","sticky":false,"template":"","format":"standard","meta":{"footnotes":""},"categories":[12],"tags":[],"class_list":["post-98283","post","type-post","status-publish","format-standard","has-post-thumbnail","hentry","category-cidade"],"_links":{"self":[{"href":"https:\/\/tvc16.com\/portal\/wp-json\/wp\/v2\/posts\/98283","targetHints":{"allow":["GET"]}}],"collection":[{"href":"https:\/\/tvc16.com\/portal\/wp-json\/wp\/v2\/posts"}],"about":[{"href":"https:\/\/tvc16.com\/portal\/wp-json\/wp\/v2\/types\/post"}],"author":[{"embeddable":true,"href":"https:\/\/tvc16.com\/portal\/wp-json\/wp\/v2\/users\/2"}],"replies":[{"embeddable":true,"href":"https:\/\/tvc16.com\/portal\/wp-json\/wp\/v2\/comments?post=98283"}],"version-history":[{"count":1,"href":"https:\/\/tvc16.com\/portal\/wp-json\/wp\/v2\/posts\/98283\/revisions"}],"predecessor-version":[{"id":98285,"href":"https:\/\/tvc16.com\/portal\/wp-json\/wp\/v2\/posts\/98283\/revisions\/98285"}],"wp:featuredmedia":[{"embeddable":true,"href":"https:\/\/tvc16.com\/portal\/wp-json\/wp\/v2\/media\/98284"}],"wp:attachment":[{"href":"https:\/\/tvc16.com\/portal\/wp-json\/wp\/v2\/media?parent=98283"}],"wp:term":[{"taxonomy":"category","embeddable":true,"href":"https:\/\/tvc16.com\/portal\/wp-json\/wp\/v2\/categories?post=98283"},{"taxonomy":"post_tag","embeddable":true,"href":"https:\/\/tvc16.com\/portal\/wp-json\/wp\/v2\/tags?post=98283"}],"curies":[{"name":"wp","href":"https:\/\/api.w.org\/{rel}","templated":true}]}}