{"id":98286,"date":"2025-01-31T05:00:00","date_gmt":"2025-01-31T08:00:00","guid":{"rendered":"https:\/\/tvc16.com\/portal\/?p=98286"},"modified":"2025-01-30T15:57:03","modified_gmt":"2025-01-30T18:57:03","slug":"motorista-que-fez-campanha-para-salvar-cadela-sera-homenageado-na-camara-municipal-de-petropolis","status":"publish","type":"post","link":"https:\/\/tvc16.com\/portal\/2025\/01\/31\/motorista-que-fez-campanha-para-salvar-cadela-sera-homenageado-na-camara-municipal-de-petropolis\/","title":{"rendered":"Motorista que fez campanha para salvar cadela ser\u00e1 homenageado na C\u00e2mara Municipal de Petr\u00f3polis"},"content":{"rendered":"\n<p>O motorista Andr\u00e9 Ferreira da Costa, que mobilizou a cidade e viralizou nas redes sociais ao realizar um apelo para salvar uma cadela abandonada que estava com um tumor, ir\u00e1 receber o pr\u00eamio &#8220;Amigo dos Animais&#8221;, concedido pela C\u00e2mara Municipal.<\/p>\n\n\n\n<p>A indica\u00e7\u00e3o \u00e9 do vereador Thiago Damaceno, que recebeu Andr\u00e9 em seu gabinete nesta quarta-feira (29). Andr\u00e9 utilizou seu dia de folga para realizar o apelo, com um cartaz, no Trevo de Bonsucesso. Em pouco mais de uma hora, o ato viralizou e ele recebeu mais de 500 mensagens, sensibilizando uma cl\u00ednica veterin\u00e1ria que garantiu o tratamento de forma gratuita.<\/p>\n\n\n\n<p>&#8220;Vamos lutar mais por essa causa. N\u00e3o me considero protetor, mas n\u00e3o posso ver um animal doente na minha frente e n\u00e3o fazer nada para tentar ajudar, vou sempre correr atr\u00e1s&#8221;, diz Andr\u00e9, que \u00e9 motorista da Turp h\u00e1 mais de 20 anos e passou a adotar a causa animal ao ver animais desprotegidos nas ruas, em especial no Bairro da Gl\u00f3ria, onde atua.<\/p>\n\n\n\n<p>&#8220;A hist\u00f3ria do Andr\u00e9 \u00e9 maravilhosa. Ele \u00e9 um cara bacana demais, que tem a ajuda e o apoio aos animais como causa, levantando essa bandeira, e s\u00e3o esses casos, de cidad\u00e3os comuns e que colocam a m\u00e3o na massa, trabalhando de forma efetiva, que nos inspiram&#8221;, afirmou o vereador Thiago Damaceno.<\/p>\n\n\n\n<p>Foto: divulga\u00e7\u00e3o <\/p>\n","protected":false},"excerpt":{"rendered":"<p>O motorista Andr\u00e9 Ferreira da Costa, que mobilizou a cidade e viralizou nas redes sociais<\/p>\n","protected":false},"author":2,"featured_media":98287,"comment_status":"open","ping_status":"open","sticky":false,"template":"","format":"standard","meta":{"footnotes":""},"categories":[12],"tags":[],"class_list":["post-98286","post","type-post","status-publish","format-standard","has-post-thumbnail","hentry","category-cidade"],"_links":{"self":[{"href":"https:\/\/tvc16.com\/portal\/wp-json\/wp\/v2\/posts\/98286","targetHints":{"allow":["GET"]}}],"collection":[{"href":"https:\/\/tvc16.com\/portal\/wp-json\/wp\/v2\/posts"}],"about":[{"href":"https:\/\/tvc16.com\/portal\/wp-json\/wp\/v2\/types\/post"}],"author":[{"embeddable":true,"href":"https:\/\/tvc16.com\/portal\/wp-json\/wp\/v2\/users\/2"}],"replies":[{"embeddable":true,"href":"https:\/\/tvc16.com\/portal\/wp-json\/wp\/v2\/comments?post=98286"}],"version-history":[{"count":1,"href":"https:\/\/tvc16.com\/portal\/wp-json\/wp\/v2\/posts\/98286\/revisions"}],"predecessor-version":[{"id":98288,"href":"https:\/\/tvc16.com\/portal\/wp-json\/wp\/v2\/posts\/98286\/revisions\/98288"}],"wp:featuredmedia":[{"embeddable":true,"href":"https:\/\/tvc16.com\/portal\/wp-json\/wp\/v2\/media\/98287"}],"wp:attachment":[{"href":"https:\/\/tvc16.com\/portal\/wp-json\/wp\/v2\/media?parent=98286"}],"wp:term":[{"taxonomy":"category","embeddable":true,"href":"https:\/\/tvc16.com\/portal\/wp-json\/wp\/v2\/categories?post=98286"},{"taxonomy":"post_tag","embeddable":true,"href":"https:\/\/tvc16.com\/portal\/wp-json\/wp\/v2\/tags?post=98286"}],"curies":[{"name":"wp","href":"https:\/\/api.w.org\/{rel}","templated":true}]}}