{"id":98289,"date":"2025-01-31T05:00:00","date_gmt":"2025-01-31T08:00:00","guid":{"rendered":"https:\/\/tvc16.com\/portal\/?p=98289"},"modified":"2025-01-30T16:05:30","modified_gmt":"2025-01-30T19:05:30","slug":"governo-da-india-premia-brasileiro-com-padma-awards","status":"publish","type":"post","link":"https:\/\/tvc16.com\/portal\/2025\/01\/31\/governo-da-india-premia-brasileiro-com-padma-awards\/","title":{"rendered":"Governo da \u00cdndia premia brasileiro com Padma Awards"},"content":{"rendered":"\n<p>O Governo da \u00cdndia anunciou, no \u00faltimo dia 25 de janeiro, que o professor de Vedanta Jonas Masetti, morador de Petr\u00f3polis, cidade serrana do estado do Rio, foi o \u00fanico brasileiro a receber o Pr\u00eamio Padma Sri 2025, uma das mais altas honrarias civis da \u00cdndia. Com a premia\u00e7\u00e3o de Masetti, o nome do Brasil e de Petr\u00f3polis s\u00e3o enaltecidos e celebrados em n\u00edveis internacionais.<\/p>\n\n\n\n<p>O pr\u00eamio foi concedido a Acharya Jonas Masetti, professor tradicional de Vedanta, devido \u00e0 excel\u00eancia, autenticidade e abrang\u00eancia de seu trabalho em divulgar a sabedoria e a cultura ancestrais da Tradi\u00e7\u00e3o V\u00e9dica para centenas de milhares de pessoas no Brasil e em outras partes do mundo. Em abril, ele vai a \u00cdndia receber a homenagem pessoalmente das m\u00e3os da presidente Draupadi Murmu, em cerim\u00f4nia a ser realizada no Rashtrapati Bhavan, resid\u00eancia oficial da presid\u00eancia, em Nova Deli.<\/p>\n\n\n\n<p>Apesar de ter estudado tradicionalmente na \u00cdndia por quatro anos com o mestre Swami Dayananda, que \u00e9 considerado hoje o maior professor e mestre de Vedanta do nosso tempo, Masetti, engenheiro de forma\u00e7\u00e3o, traz em seu trabalho o diferencial do conhecimento empresarial e tecnol\u00f3gico. Dessa forma, ele alia o conhecimento tradicional e suas habilidades como professor com a tecnologia, para transmitir os ensinamentos, se destacando no mundo como grande disseminador dessa tradi\u00e7\u00e3o.<\/p>\n\n\n\n<p>\u201cEstou muito honrado de receber um pr\u00eamio t\u00e3o importante. Nossa miss\u00e3o \u00e9 realmente levar a cada vez mais pessoas a transforma\u00e7\u00e3o que Vedanta promove, atrav\u00e9s da compreens\u00e3o mais profunda de n\u00f3s mesmos e de conhecimentos ancestrais que trazem equil\u00edbrio emocional profundo, permitindo que possamos alcan\u00e7ar uma liberdade interior mais aut\u00eantica\u201d, explica Masetti.<\/p>\n\n\n\n<p>De acordo com o governo indiano, Masetti desempenha papel fundamental na dissemina\u00e7\u00e3o da sabedoria e conhecimentos de Vedanta no Brasil, fortalecendo os la\u00e7os culturais entre os dois pa\u00edses. \u201cUm testemunho da relev\u00e2ncia intemporal da filosofia indiana e da sua capacidade de transcender fronteiras geogr\u00e1ficas e culturais\u201d, descreve ainda, sobre o trabalho do professor Masetti, o documento da embaixada da \u00cdndia que noticiou o pr\u00eamio ao brasileiro.<\/p>\n\n\n\n<p>Os pr\u00eamios Padma s\u00e3o atribu\u00eddos todos os anos a personalidades que se destacam devido \u00e0 excel\u00eancia e ao impacto de seus trabalhos, mas que s\u00e3o como \u201cher\u00f3is an\u00f4nimos\u201d, n\u00e3o sendo amplamente reconhecidos por suas atividades. S\u00e3o her\u00f3is de uma cultura que n\u00e3o t\u00eam suas hist\u00f3rias sendo contadas em \u00e1reas como artes, servi\u00e7o social, rela\u00e7\u00f5es p\u00fablicas, ci\u00eancia e engenharia, com\u00e9rcio e ind\u00fastria, medicina, literatura e educa\u00e7\u00e3o, entre outras.<\/p>\n\n\n\n<p>Esse n\u00e3o foi o primeiro reconhecimento do governo indiano pelas contribui\u00e7\u00f5es de Masetti para a promo\u00e7\u00e3o da espiritualidade, filosofia e cultura indiana no Brasil. Em 2020, ele foi mencionado em rede de televis\u00e3o aberta pelo primeiro-ministro da \u00cdndia, como um dos embaixadores da Tradi\u00e7\u00e3o V\u00e9dica nas Am\u00e9ricas, devido ao seu trabalho no fortalecimento e divulga\u00e7\u00e3o de Vedanta.<\/p>\n\n\n\n<p>Carioca, Masetti largou a carreira empresarial s\u00f3lida e de sucesso para se dedicar \u00e0 busca de uma transforma\u00e7\u00e3o em sua vida e foi estudar com grandes mestres do autoconhecimento na \u00cdndia. Voltando ao Brasil, escolheu Petr\u00f3polis, para abrigar a Organiza\u00e7\u00e3o Vishva Vidya, que hoje impacta centenas de milhares de vidas no Brasil e em todas as partes do mundo, por meio de cursos abertos e fechados, em v\u00e1rias plataformas sociais.<\/p>\n\n\n\n<p>Foto: divulga\u00e7\u00e3o <\/p>\n","protected":false},"excerpt":{"rendered":"<p>O Governo da \u00cdndia anunciou, no \u00faltimo dia 25 de janeiro, que o professor de<\/p>\n","protected":false},"author":2,"featured_media":98290,"comment_status":"open","ping_status":"open","sticky":false,"template":"","format":"standard","meta":{"footnotes":""},"categories":[12],"tags":[],"class_list":["post-98289","post","type-post","status-publish","format-standard","has-post-thumbnail","hentry","category-cidade"],"_links":{"self":[{"href":"https:\/\/tvc16.com\/portal\/wp-json\/wp\/v2\/posts\/98289","targetHints":{"allow":["GET"]}}],"collection":[{"href":"https:\/\/tvc16.com\/portal\/wp-json\/wp\/v2\/posts"}],"about":[{"href":"https:\/\/tvc16.com\/portal\/wp-json\/wp\/v2\/types\/post"}],"author":[{"embeddable":true,"href":"https:\/\/tvc16.com\/portal\/wp-json\/wp\/v2\/users\/2"}],"replies":[{"embeddable":true,"href":"https:\/\/tvc16.com\/portal\/wp-json\/wp\/v2\/comments?post=98289"}],"version-history":[{"count":1,"href":"https:\/\/tvc16.com\/portal\/wp-json\/wp\/v2\/posts\/98289\/revisions"}],"predecessor-version":[{"id":98291,"href":"https:\/\/tvc16.com\/portal\/wp-json\/wp\/v2\/posts\/98289\/revisions\/98291"}],"wp:featuredmedia":[{"embeddable":true,"href":"https:\/\/tvc16.com\/portal\/wp-json\/wp\/v2\/media\/98290"}],"wp:attachment":[{"href":"https:\/\/tvc16.com\/portal\/wp-json\/wp\/v2\/media?parent=98289"}],"wp:term":[{"taxonomy":"category","embeddable":true,"href":"https:\/\/tvc16.com\/portal\/wp-json\/wp\/v2\/categories?post=98289"},{"taxonomy":"post_tag","embeddable":true,"href":"https:\/\/tvc16.com\/portal\/wp-json\/wp\/v2\/tags?post=98289"}],"curies":[{"name":"wp","href":"https:\/\/api.w.org\/{rel}","templated":true}]}}