{"id":98295,"date":"2025-01-30T16:07:58","date_gmt":"2025-01-30T19:07:58","guid":{"rendered":"https:\/\/tvc16.com\/portal\/?p=98295"},"modified":"2025-01-30T16:08:00","modified_gmt":"2025-01-30T19:08:00","slug":"defesa-civil-de-petropolis-emite-aviso-meteorologico-devido-a-instabilidade-do-tempo-10","status":"publish","type":"post","link":"https:\/\/tvc16.com\/portal\/2025\/01\/30\/defesa-civil-de-petropolis-emite-aviso-meteorologico-devido-a-instabilidade-do-tempo-10\/","title":{"rendered":"Defesa Civil de Petr\u00f3polis emite aviso meteorol\u00f3gico devido \u00e0 instabilidade do tempo"},"content":{"rendered":"\n<p>A Defesa Civil emitiu, \u00e0s 16h desta quinta-feira (30\/01), um aviso meteorol\u00f3gico v\u00e1lido a partir das 16h de hoje at\u00e9 as 23h59 da segunda-feira, 03 de fevereiro, devido a um canal de umidade formado nos baixos n\u00edveis da atmosfera e um sistema de baixa press\u00e3o localizado na costa do estado influenciando o tempo no munic\u00edpio de Petr\u00f3polis, espera-se acumulados de chuva significativos durante o per\u00edodo de vig\u00eancia do aviso.<\/p>\n\n\n\n<p>A Defesa Civil de Petr\u00f3polis continua monitorando as condi\u00e7\u00f5es do tempo e emitir\u00e1 alertas, informes ou atualiza\u00e7\u00f5es a qualquer momento.<\/p>\n\n\n\n<p>Cadastre seu CEP enviando uma mensagem de texto para o n\u00famero 40199 e acompanhe as atualiza\u00e7\u00f5es pelo canal do WhatsApp: https:\/\/whatsapp.com\/channel\/0029VaKX3R5D38CZuMcmc03i<\/p>\n\n\n\n<p>O boletim meteorol\u00f3gico ser\u00e1 atualizado com a previs\u00e3o do tempo para a cidade e pode ser acessado por meio do link: http:\/\/www.petropolis.rj.gov.br\/boletim.<\/p>\n\n\n\n<p>Foto: arquivo TVC<\/p>\n","protected":false},"excerpt":{"rendered":"<p>A Defesa Civil emitiu, \u00e0s 16h desta quinta-feira (30\/01), um aviso meteorol\u00f3gico v\u00e1lido a partir<\/p>\n","protected":false},"author":2,"featured_media":71309,"comment_status":"open","ping_status":"open","sticky":false,"template":"","format":"standard","meta":{"footnotes":""},"categories":[12],"tags":[],"class_list":["post-98295","post","type-post","status-publish","format-standard","has-post-thumbnail","hentry","category-cidade"],"_links":{"self":[{"href":"https:\/\/tvc16.com\/portal\/wp-json\/wp\/v2\/posts\/98295","targetHints":{"allow":["GET"]}}],"collection":[{"href":"https:\/\/tvc16.com\/portal\/wp-json\/wp\/v2\/posts"}],"about":[{"href":"https:\/\/tvc16.com\/portal\/wp-json\/wp\/v2\/types\/post"}],"author":[{"embeddable":true,"href":"https:\/\/tvc16.com\/portal\/wp-json\/wp\/v2\/users\/2"}],"replies":[{"embeddable":true,"href":"https:\/\/tvc16.com\/portal\/wp-json\/wp\/v2\/comments?post=98295"}],"version-history":[{"count":1,"href":"https:\/\/tvc16.com\/portal\/wp-json\/wp\/v2\/posts\/98295\/revisions"}],"predecessor-version":[{"id":98296,"href":"https:\/\/tvc16.com\/portal\/wp-json\/wp\/v2\/posts\/98295\/revisions\/98296"}],"wp:featuredmedia":[{"embeddable":true,"href":"https:\/\/tvc16.com\/portal\/wp-json\/wp\/v2\/media\/71309"}],"wp:attachment":[{"href":"https:\/\/tvc16.com\/portal\/wp-json\/wp\/v2\/media?parent=98295"}],"wp:term":[{"taxonomy":"category","embeddable":true,"href":"https:\/\/tvc16.com\/portal\/wp-json\/wp\/v2\/categories?post=98295"},{"taxonomy":"post_tag","embeddable":true,"href":"https:\/\/tvc16.com\/portal\/wp-json\/wp\/v2\/tags?post=98295"}],"curies":[{"name":"wp","href":"https:\/\/api.w.org\/{rel}","templated":true}]}}