{"id":98313,"date":"2025-01-31T08:32:01","date_gmt":"2025-01-31T11:32:01","guid":{"rendered":"https:\/\/tvc16.com\/portal\/?p=98313"},"modified":"2025-01-31T08:32:03","modified_gmt":"2025-01-31T11:32:03","slug":"dolar-tem-nova-queda-e-bolsa-sobe-282-o-maior-nivel-desde-dezembro","status":"publish","type":"post","link":"https:\/\/tvc16.com\/portal\/2025\/01\/31\/dolar-tem-nova-queda-e-bolsa-sobe-282-o-maior-nivel-desde-dezembro\/","title":{"rendered":"D\u00f3lar tem nova queda e bolsa sobe 2,82%, o maior n\u00edvel desde dezembro"},"content":{"rendered":"\n<p><em>Moeda norte-americana j\u00e1 caiu 5,27% em janeiro<\/em><\/p>\n\n\n\n<p>Por Wellton M\u00e1ximo \u2013 Rep\u00f3rter da Ag\u00eancia Brasil* \/ Foto: Valter Campanato\/Ag\u00eancia Brasil<\/p>\n\n\n\n<p><\/p>\n\n\n\n<p>Num dia de ganhos para os ativos brasileiros, a bolsa de valores subiu quase 3% e atingiu o maior n\u00edvel desde dezembro. O d\u00f3lar teve a nona queda seguida e atingiu o menor valor em mais de dois meses.<img decoding=\"async\" src=\"https:\/\/agenciabrasil.ebc.com.br\/ebc.png?id=1628568&amp;o=node\"><img decoding=\"async\" src=\"https:\/\/agenciabrasil.ebc.com.br\/ebc.gif?id=1628568&amp;o=node\"><\/p>\n\n\n\n<p>O \u00edndice Ibovespa, da B3, encerrou esta quinta-feira (30) aos 126.913 pontos, com alta de 2,82%. O indicador foi impulsionado por a\u00e7\u00f5es ligadas ao consumo. Isso porque o&nbsp;<a href=\"https:\/\/agenciabrasil.ebc.com.br\/economia\/noticia\/2025-01\/copom-eleva-juros-basicos-da-economia-para-1325-ao-ano\">comunicado do Comit\u00ea de Pol\u00edtica Monet\u00e1ria<\/a>&nbsp;(Copom) n\u00e3o deu pistas sobre o que o Banco Central (BC) far\u00e1 com a Taxa Selic (juros b\u00e1sicos da economia) depois da reuni\u00e3o de mar\u00e7o.<\/p>\n\n\n\n<p>O Ibovespa est\u00e1 no maior n\u00edvel desde 11 de dezembro. A possibilidade de que o BC suba os juros menos que o esperado animou a bolsa de valores. Taxas mais baixas estimulam a migra\u00e7\u00e3o de investimentos em renda fixa para o mercado de a\u00e7\u00f5es.<\/p>\n\n\n\n<p>No mercado de c\u00e2mbio, o dia tamb\u00e9m foi marcado pelo al\u00edvio. O d\u00f3lar comercial fechou vendido a R$ 5,852, com queda de R$ 0,014 (-0,24%). A cota\u00e7\u00e3o iniciou o dia em alta, chegando a R$ 5,93 por volta das 9h15, mas inverteu o movimento e recuou. Em janeiro, a moeda norte-americana cai 5,27%.<\/p>\n\n\n\n<p>Diferentemente dos \u00faltimos dias, em que as not\u00edcias do governo Donald Trump influenciavam o mercado financeiro, o cen\u00e1rio internacional n\u00e3o pesou tanto. O novo presidente norte-americano reafirmou a inten\u00e7\u00e3o de impor uma tarifa de 25% sobre as importa\u00e7\u00f5es do M\u00e9xico e do Canad\u00e1, mas a amea\u00e7a n\u00e3o repercutiu no mercado brasileiro.<\/p>\n\n\n\n<p>Al\u00e9m da possibilidade de que o Banco Central diminua o ritmo de aumento da Selic, a divulga\u00e7\u00e3o de que o d\u00e9ficit prim\u00e1rio em 2024&nbsp;<a href=\"https:\/\/agenciabrasil.ebc.com.br\/economia\/noticia\/2025-01\/deficit-primario-totaliza-r-43-bilhoes-em-2024\">ficou em R$ 43 bilh\u00f5es<\/a>, resultado melhor que a previs\u00e3o de rombo de R$ 55,4 bilh\u00f5es, segundo a pesquisa Prisma Fiscal, feita pelo Minist\u00e9rio da Fazenda.<\/p>\n\n\n\n<p><em>*Com informa\u00e7\u00f5es da Reuters<\/em><br><\/p>\n","protected":false},"excerpt":{"rendered":"<p>Moeda norte-americana j\u00e1 caiu 5,27% em janeiro Por Wellton M\u00e1ximo \u2013 Rep\u00f3rter da Ag\u00eancia Brasil*<\/p>\n","protected":false},"author":2,"featured_media":98314,"comment_status":"open","ping_status":"open","sticky":false,"template":"","format":"standard","meta":{"footnotes":""},"categories":[17],"tags":[],"class_list":["post-98313","post","type-post","status-publish","format-standard","has-post-thumbnail","hentry","category-outras-noticias"],"_links":{"self":[{"href":"https:\/\/tvc16.com\/portal\/wp-json\/wp\/v2\/posts\/98313","targetHints":{"allow":["GET"]}}],"collection":[{"href":"https:\/\/tvc16.com\/portal\/wp-json\/wp\/v2\/posts"}],"about":[{"href":"https:\/\/tvc16.com\/portal\/wp-json\/wp\/v2\/types\/post"}],"author":[{"embeddable":true,"href":"https:\/\/tvc16.com\/portal\/wp-json\/wp\/v2\/users\/2"}],"replies":[{"embeddable":true,"href":"https:\/\/tvc16.com\/portal\/wp-json\/wp\/v2\/comments?post=98313"}],"version-history":[{"count":1,"href":"https:\/\/tvc16.com\/portal\/wp-json\/wp\/v2\/posts\/98313\/revisions"}],"predecessor-version":[{"id":98315,"href":"https:\/\/tvc16.com\/portal\/wp-json\/wp\/v2\/posts\/98313\/revisions\/98315"}],"wp:featuredmedia":[{"embeddable":true,"href":"https:\/\/tvc16.com\/portal\/wp-json\/wp\/v2\/media\/98314"}],"wp:attachment":[{"href":"https:\/\/tvc16.com\/portal\/wp-json\/wp\/v2\/media?parent=98313"}],"wp:term":[{"taxonomy":"category","embeddable":true,"href":"https:\/\/tvc16.com\/portal\/wp-json\/wp\/v2\/categories?post=98313"},{"taxonomy":"post_tag","embeddable":true,"href":"https:\/\/tvc16.com\/portal\/wp-json\/wp\/v2\/tags?post=98313"}],"curies":[{"name":"wp","href":"https:\/\/api.w.org\/{rel}","templated":true}]}}