{"id":98319,"date":"2025-01-31T08:35:02","date_gmt":"2025-01-31T11:35:02","guid":{"rendered":"https:\/\/tvc16.com\/portal\/?p=98319"},"modified":"2025-01-31T08:35:05","modified_gmt":"2025-01-31T11:35:05","slug":"governo-ja-utilizou-r-29-bi-para-reconstrucao-do-rio-grande-do-sul","status":"publish","type":"post","link":"https:\/\/tvc16.com\/portal\/2025\/01\/31\/governo-ja-utilizou-r-29-bi-para-reconstrucao-do-rio-grande-do-sul\/","title":{"rendered":"Governo j\u00e1 utilizou R$ 29 bi para reconstru\u00e7\u00e3o do Rio Grande do Sul"},"content":{"rendered":"\n<p><em>Despesas ficam fora da meta fiscal e n\u00e3o entram no c\u00e1lculo de d\u00e9ficit<\/em><\/p>\n\n\n\n<p>Por Welton M\u00e1ximo &#8211; Rep\u00f3rter da Ag\u00eancia Brasil \/ Foto: Jos\u00e9 Cruz\/Ag\u00eancia Brasil\/Arquivo<\/p>\n\n\n\n<p><\/p>\n\n\n\n<p>Os gastos com a reconstru\u00e7\u00e3o do Rio Grande do Sul somaram R$ 29,016 bilh\u00f5es de um total de R$ 40,66 bilh\u00f5es dispon\u00edveis, divulgou nesta quinta-feira (30), em Bras\u00edlia, o Tesouro Nacional. Por for\u00e7a de lei, os gastos ficaram fora da meta fiscal e n\u00e3o entraram no c\u00e1lculo de d\u00e9ficit prim\u00e1rio.<img decoding=\"async\" src=\"https:\/\/agenciabrasil.ebc.com.br\/ebc.png?id=1628549&amp;o=node\"><img decoding=\"async\" src=\"https:\/\/agenciabrasil.ebc.com.br\/ebc.gif?id=1628549&amp;o=node\"><\/p>\n\n\n\n<p>A maior parte dos recursos, informou o Tesouro, abrange gastos em cr\u00e9ditos extraordin\u00e1rios para obras e ajudas diretas \u00e0 popula\u00e7\u00e3o, que somaram R$ 21,533 bilh\u00f5es de um total de R$ 28,503 bilh\u00f5es dispon\u00edveis.<\/p>\n\n\n\n<p>Desses cr\u00e9ditos, R$ 6,5 bilh\u00f5es foram gastos na capitaliza\u00e7\u00e3o do Fundo de Apoio \u00e0 Infraestrutura, que financia obras de recupera\u00e7\u00e3o no estado, e R$ 6,05 bilh\u00f5es do Fundo Garantidor de Investimentos (FGI) e no Fundo de Garantia de Opera\u00e7\u00f5es (FGO), usado para apoiar micro e pequenas empresas.<\/p>\n\n\n\n<p>Em segundo lugar, vem o pagamento de R$ 2,83 bilh\u00f5es em antecipa\u00e7\u00e3o de precat\u00f3rios da Previd\u00eancia Social para cidad\u00e3os do estado. Completam a lista R$ 1,66 bilh\u00e3o de subven\u00e7\u00f5es para o cr\u00e9dito rural e o Programa Nacional de Apoio \u00e0s Microempresas e Empresas de Pequeno Porte (Pronampe), R$ 988 milh\u00f5es em apoio a estados e munic\u00edpios, R$ 848 milh\u00f5es em precat\u00f3rios em geral, e R$ 748 milh\u00f5es em precat\u00f3rios a servidores p\u00fablicos e em vagas emergenciais no Hospital Nossa Senhora da Concei\u00e7\u00e3o.<\/p>\n\n\n\n<h2 class=\"wp-block-heading\">Gastos<\/h2>\n\n\n\n<p>A Uni\u00e3o gastou, ainda, R$ 367 milh\u00f5es com a concess\u00e3o de duas parcelas adicionais do seguro-desemprego e R$ 25 milh\u00f5es com precat\u00f3rios do Benef\u00edcio de Presta\u00e7\u00e3o Continuada (BPC) e R$ 24 milh\u00f5es com a recupera\u00e7\u00e3o de unidades da Defensoria P\u00fablica da Uni\u00e3o, do Minist\u00e9rio P\u00fablico Federal e de tribunais federais no estado e com o fortalecimento de assist\u00eancia jur\u00eddica gratuita.<\/p>\n\n\n\n<p>O secret\u00e1rio do Tesouro Nacional, Rog\u00e9rio Ceron, fez um balan\u00e7o positivo do programa de ajuda ao Rio Grande do Sul. \u201cOs nossos indicadores s\u00e3o todos positivos, como a gente j\u00e1 sinalizava. Logo quando come\u00e7aram as medidas, dissemos que o processo de recupera\u00e7\u00e3o ia ser muito forte. N\u00f3s dissemos que o processo de recupera\u00e7\u00e3o ia ser muito forte porque ia se assemelhar a um p\u00f3s-guerra. A forma como a gente atuava era pensando nisso\u201d, declarou.<\/p>\n\n\n\n<p>Segundo Ceron, embora a vig\u00eancia do decreto de calamidade p\u00fablica no Rio Grande do Sul \u2013 em raz\u00e3o de fortes chuvas em 2024 &#8211; tenha acabado no fim do ano passado, algumas verbas residuais dos cerca de R$ 11 bilh\u00f5es restantes podem ficar como restos a pagar para 2025. Por meio dos restos a pagar, o governo gasta em um ano verbas empenhadas (autorizadas) em anos anteriores.<\/p>\n\n\n\n<h2 class=\"wp-block-heading\">D\u00e9ficit prim\u00e1rio<\/h2>\n\n\n\n<p><a href=\"https:\/\/agenciabrasil.ebc.com.br\/economia\/noticia\/2025-01\/deficit-primario-totaliza-r-43-bilhoes-em-2024\" target=\"_blank\" rel=\"noreferrer noopener\">Os gastos com o Rio Grande do Sul pesaram no d\u00e9ficit prim\u00e1rio de R$ 43,006 bilh\u00f5es<\/a>, 0,36% do Produto Interno Bruto (PIB), em 2024. Por se tratarem de cr\u00e9ditos extraordin\u00e1rios, os gastos foram exclu\u00eddos da meta de d\u00e9ficit prim\u00e1rio do arcabou\u00e7o fiscal.<\/p>\n\n\n\n<p>Sem os cr\u00e9ditos extraordin\u00e1rios e pelos crit\u00e9rios do arcabou\u00e7o fiscal, o d\u00e9ficit prim\u00e1rio teria encerrado o ano passado em R$ 11,032 bilh\u00f5es (0,09% do PIB), dentro da margem de toler\u00e2ncia de R$ 28,75 bilh\u00f5es de d\u00e9ficit do arcabou\u00e7o fiscal.<\/p>\n\n\n\n<p>O resultado prim\u00e1rio representa a diferen\u00e7a entre as receitas e os gastos, desconsiderando o pagamento dos juros da d\u00edvida p\u00fablica. A Lei de Diretrizes Or\u00e7ament\u00e1rias (LDO) de 2024 e o arcabou\u00e7o fiscal estabelecem meta de d\u00e9ficit prim\u00e1rio zero, com margem de toler\u00e2ncia de 0,25 ponto percentual do Produto Interno Bruto (PIB) para cima ou para baixo, para o Governo Central. No limite inferior da meta, isso equivale a d\u00e9ficit de at\u00e9 R$ 28,75 bilh\u00f5es.<br><\/p>\n","protected":false},"excerpt":{"rendered":"<p>Despesas ficam fora da meta fiscal e n\u00e3o entram no c\u00e1lculo de d\u00e9ficit Por Welton<\/p>\n","protected":false},"author":2,"featured_media":98320,"comment_status":"open","ping_status":"open","sticky":false,"template":"","format":"standard","meta":{"footnotes":""},"categories":[17],"tags":[],"class_list":["post-98319","post","type-post","status-publish","format-standard","has-post-thumbnail","hentry","category-outras-noticias"],"_links":{"self":[{"href":"https:\/\/tvc16.com\/portal\/wp-json\/wp\/v2\/posts\/98319","targetHints":{"allow":["GET"]}}],"collection":[{"href":"https:\/\/tvc16.com\/portal\/wp-json\/wp\/v2\/posts"}],"about":[{"href":"https:\/\/tvc16.com\/portal\/wp-json\/wp\/v2\/types\/post"}],"author":[{"embeddable":true,"href":"https:\/\/tvc16.com\/portal\/wp-json\/wp\/v2\/users\/2"}],"replies":[{"embeddable":true,"href":"https:\/\/tvc16.com\/portal\/wp-json\/wp\/v2\/comments?post=98319"}],"version-history":[{"count":1,"href":"https:\/\/tvc16.com\/portal\/wp-json\/wp\/v2\/posts\/98319\/revisions"}],"predecessor-version":[{"id":98321,"href":"https:\/\/tvc16.com\/portal\/wp-json\/wp\/v2\/posts\/98319\/revisions\/98321"}],"wp:featuredmedia":[{"embeddable":true,"href":"https:\/\/tvc16.com\/portal\/wp-json\/wp\/v2\/media\/98320"}],"wp:attachment":[{"href":"https:\/\/tvc16.com\/portal\/wp-json\/wp\/v2\/media?parent=98319"}],"wp:term":[{"taxonomy":"category","embeddable":true,"href":"https:\/\/tvc16.com\/portal\/wp-json\/wp\/v2\/categories?post=98319"},{"taxonomy":"post_tag","embeddable":true,"href":"https:\/\/tvc16.com\/portal\/wp-json\/wp\/v2\/tags?post=98319"}],"curies":[{"name":"wp","href":"https:\/\/api.w.org\/{rel}","templated":true}]}}