{"id":9832,"date":"2021-01-23T20:00:58","date_gmt":"2021-01-23T23:00:58","guid":{"rendered":"https:\/\/tvc16.com\/portal\/?p=9832"},"modified":"2021-01-23T21:01:34","modified_gmt":"2021-01-24T00:01:34","slug":"o-que-e-preciso-saber-para-o-segundo-dia-do-enem","status":"publish","type":"post","link":"https:\/\/tvc16.com\/portal\/2021\/01\/23\/o-que-e-preciso-saber-para-o-segundo-dia-do-enem\/","title":{"rendered":"O que \u00e9 preciso saber para o segundo dia do Enem"},"content":{"rendered":"\n<h3 class=\"wp-block-heading\">Veja o que levar e o que n\u00e3o levar para o Enem<\/h3>\n\n\n\n<h4 class=\"wp-block-heading\"><\/h4>\n\n\n\n<p>Amanh\u00e3 (24), estudantes de todo o pa\u00eds fazem a segunda prova do Exame Nacional do Ensino M\u00e9dio (Enem) 2020. Eles ter\u00e3o cinco horas para resolver quest\u00f5es de matem\u00e1tica e de ci\u00eancias da natureza. Encerrada a aplica\u00e7\u00e3o do Enem impresso, o gabarito das provas objetivas dever\u00e1 ser divulgado at\u00e9 dia 27 e, as notas finais, no dia 29 de mar\u00e7o.&nbsp;<img decoding=\"async\" src=\"https:\/\/agenciabrasil.ebc.com.br\/ebc.gif?id=1399452&amp;o=node\"><\/p>\n\n\n\n<figure class=\"wp-block-image\"><img decoding=\"async\" src=\"https:\/\/imagens.ebc.com.br\/GQBP6OPN_nIR06ypoL8jKbjieLo=\/463x0\/smart\/https:\/\/agenciabrasil.ebc.com.br\/sites\/default\/files\/thumbnails\/image\/2021-01-13-oquelevarenaolevar.png?itok=AmJIk4T5\" alt=\"Infogr\u00e1fico - O que leva e o que n\u00e3o levar para a prova do Enem\" title=\"Arte\/EBC\"\/><\/figure>\n\n\n\n<h6 class=\"wp-block-heading\">Infogr\u00e1fico &#8211; O que leva e o que n\u00e3o levar para a prova do Enem &#8211;&nbsp;<strong>Arte\/EBC<\/strong><\/h6>\n\n\n\n<p>Algumas dicas podem ajudar os estudantes nesse segundo dia de aplica\u00e7\u00e3o. A primeira delas \u00e9 conhecer as regras do exame e estar atento ao que<a href=\"https:\/\/agenciabrasil.ebc.com.br\/educacao\/noticia\/2021-01\/veja-o-que-pode-e-o-que-nao-pode-no-enem-2020\" target=\"_blank\" rel=\"noreferrer noopener\">&nbsp;pode e ao que n\u00e3o pode&nbsp;<\/a>levar no dia da prova. Por conta da pandemia do novo coronav\u00edrus, o Enem ter\u00e1&nbsp;<a href=\"https:\/\/agenciabrasil.ebc.com.br\/educacao\/noticia\/2021-01\/enem-tera-regras-para-evitar-contagio-pelo-novo-coronavirus\" target=\"_blank\" rel=\"noreferrer noopener\">regras especiais de biosseguran\u00e7a<\/a>. Este ano, al\u00e9m do documento oficial de identifica\u00e7\u00e3o com foto e da caneta esferogr\u00e1fica de tinta preta, fabricada em material transparente, itens obrigat\u00f3rios tamb\u00e9m nos exames anteriores, a m\u00e1scara de prote\u00e7\u00e3o facial passa a integrar essa lista.<\/p>\n\n\n\n<p>\u00c9 recomendado que os participantes levem m\u00e1scaras extras para trocar durante a prova. Haver\u00e1 nos locais de prova \u00e1lcool em gel para que os estudantes higienizam as m\u00e3os, mas \u00e9 permitido que os participantes levem seu pr\u00f3prio produto caso desejem.<\/p>\n\n\n\n<p>Os participantes podem levar tamb\u00e9m a pr\u00f3pria \u00e1gua e\/ou bebidas n\u00e3o alco\u00f3licas e lanche. Al\u00e9m disso, caso necessitem comprovar que participaram do exame, os estudantes podem, na&nbsp;<a href=\"https:\/\/enem.inep.gov.br\/participante\/#!\/\" target=\"_blank\" rel=\"noreferrer noopener\">P\u00e1gina do Participante<\/a>, imprimir a Declara\u00e7\u00e3o de Comparecimento para cada dia de prova, informando o CPF e a senha.<\/p>\n\n\n\n<p>A declara\u00e7\u00e3o deve ser apresentada ao aplicador na porta da sala em cada um dos dias. Ela serve, por exemplo, para justificar a falta ao trabalho.&nbsp;<\/p>\n\n\n\n<p>\u00c9 importante lembrar que participantes que estiverem com sintomas de covid-19 ou de outra doen\u00e7a infectocontagiosa n\u00e3o devem comparecer ao exame, mesmo que tenham participado do primeiro dia de aplica\u00e7\u00e3o. A medida \u00e9 necess\u00e1ria para que o v\u00edrus n\u00e3o se espalhe e mais pessoas sejam contaminadas.<\/p>\n\n\n\n<p>Nesses casos, os candidatos poder\u00e3o fazer a prova na data da reaplica\u00e7\u00e3o, nos dias 23 e 24 de fevereiro. Para isso, poder\u00e3o fazer o pedido pela&nbsp;<a href=\"https:\/\/www.google.com\/url?q=https:\/\/agenciabrasil.ebc.com.br\/educacao\/noticia\/2021-01\/candidatos-com-sintomas-de-covid-podem-pedir-reaplicacao-do-enem\" target=\"_blank\" rel=\"noreferrer noopener\">P\u00e1gina do Participante<\/a>&nbsp;at\u00e9 as 12h de hoje (23) ou a partir de segunda-feira (25).&nbsp;<\/p>\n\n\n\n<p>Na reta final para a prova, professores entrevistados pela&nbsp;<strong>Ag\u00eancia Brasil<\/strong>,&nbsp;<a href=\"https:\/\/agenciabrasil.ebc.com.br\/educacao\/noticia\/2021-01\/professores-dao-dicas-para-o-segundo-dia-de-prova-do-enem\" target=\"_blank\" rel=\"noreferrer noopener\">recomendam<\/a>, entre outras coisas, que os estudantes descansem, que durmam e se alimentem bem. Na hora da prova, uma dica \u00e9 conhecer as regras de corre\u00e7\u00e3o da prova, que utiliza a chamada&nbsp;<a href=\"https:\/\/agenciabrasil.ebc.com.br\/educacao\/noticia\/2021-01\/conheca-o-sistema-de-correcao-do-enem\" target=\"_blank\" rel=\"noreferrer noopener\">teoria de resposta ao item<\/a>&nbsp;(TRI).&nbsp;As quest\u00f5es mais f\u00e1ceis devem ser respondidas antes.&nbsp;<\/p>\n\n\n\n<p>Esta edi\u00e7\u00e3o do Enem traz algumas&nbsp;<a href=\"https:\/\/agenciabrasil.ebc.com.br\/educacao\/noticia\/2021-01\/enem-2020-tem-novidades-em-acessibilidade\" target=\"_blank\" rel=\"noreferrer noopener\">novidades<\/a>&nbsp;relacionadas \u00e0 acessibilidade. Leitor de tela, reda\u00e7\u00e3o em braile e corre\u00e7\u00e3o especial das provas de participantes autistas e surdocegos s\u00e3o algumas delas. As medidas somam-se a outras que v\u00eam sendo adotadas pelo exame ao longo do anos, como videoprova em L\u00edngua brasileira de Sinais (Libras) e provas com textos e imagens ampliados.<\/p>\n\n\n\n<h2 class=\"wp-block-heading\">Enem 2020&nbsp;<\/h2>\n\n\n\n<p>O Enem 2020 ter\u00e1 uma vers\u00e3o impressa, que come\u00e7ou a ser aplicada no \u00faltimo domingo (17) e segue amanh\u00e3, e uma digital, realizada de forma piloto para 96 mil candidatos,&nbsp;<a href=\"https:\/\/agenciabrasil.ebc.com.br\/educacao\/noticia\/2021-01\/presidente-do-inep-explica-como-sera-primeira-edicao-do-enem-digital\" target=\"_blank\" rel=\"noreferrer noopener\">nos dias 31 de janeiro e 7 de fevereiro<\/a>.&nbsp;<\/p>\n\n\n\n<p>No primeiro dia de aplica\u00e7\u00e3o, o exame teve uma&nbsp;<a href=\"https:\/\/agenciabrasil.ebc.com.br\/educacao\/noticia\/2021-01\/inep-da-entrevista-coletiva-sobre-o-primeiro-dia-de-provas-do-enem\" target=\"_blank\" rel=\"noreferrer noopener\">absten\u00e7\u00e3o recorde<\/a>&nbsp;de 51,5%. Do total de 5.523.029 inscritos para a vers\u00e3o impressa do Enem, 2.842.332 faltaram \u00e0s provas.&nbsp;<\/p>\n\n\n\n<p>O exame foi suspenso no estado do Amazonas, onde 160.548 estudantes est\u00e3o inscritos para as provas; em Rolim de Moura (RO), onde h\u00e1 2.863 inscritos; e, em Espig\u00e3o D&#8217;Oeste (RO), com 969, devido aos impactos da pandemia nessas localidades. Esses estudantes poder\u00e3o fazer as provas tamb\u00e9m na reaplica\u00e7\u00e3o, nos dias 23 e 24 de fevereiro. Segundo o Minist\u00e9rio da Educa\u00e7\u00e3o, foram cerca de 20 a\u00e7\u00f5es judiciais em todo o pa\u00eds contr\u00e1rias \u00e0 realiza\u00e7\u00e3o do exame.&nbsp;<\/p>\n\n\n\n<p>Por Mariana Tokarnia &#8211; Rep\u00f3rter da Ag\u00eancia Brasil &#8211; Rio de Janeiro<\/p>\n\n\n\n<p>Edi\u00e7\u00e3o: Bruna Saniele<\/p>\n","protected":false},"excerpt":{"rendered":"<p>Veja o que levar e o que n\u00e3o levar para o Enem Amanh\u00e3 (24), estudantes<\/p>\n","protected":false},"author":2,"featured_media":9833,"comment_status":"open","ping_status":"open","sticky":false,"template":"","format":"standard","meta":{"footnotes":""},"categories":[17],"tags":[],"class_list":["post-9832","post","type-post","status-publish","format-standard","has-post-thumbnail","hentry","category-outras-noticias"],"_links":{"self":[{"href":"https:\/\/tvc16.com\/portal\/wp-json\/wp\/v2\/posts\/9832","targetHints":{"allow":["GET"]}}],"collection":[{"href":"https:\/\/tvc16.com\/portal\/wp-json\/wp\/v2\/posts"}],"about":[{"href":"https:\/\/tvc16.com\/portal\/wp-json\/wp\/v2\/types\/post"}],"author":[{"embeddable":true,"href":"https:\/\/tvc16.com\/portal\/wp-json\/wp\/v2\/users\/2"}],"replies":[{"embeddable":true,"href":"https:\/\/tvc16.com\/portal\/wp-json\/wp\/v2\/comments?post=9832"}],"version-history":[{"count":2,"href":"https:\/\/tvc16.com\/portal\/wp-json\/wp\/v2\/posts\/9832\/revisions"}],"predecessor-version":[{"id":9853,"href":"https:\/\/tvc16.com\/portal\/wp-json\/wp\/v2\/posts\/9832\/revisions\/9853"}],"wp:featuredmedia":[{"embeddable":true,"href":"https:\/\/tvc16.com\/portal\/wp-json\/wp\/v2\/media\/9833"}],"wp:attachment":[{"href":"https:\/\/tvc16.com\/portal\/wp-json\/wp\/v2\/media?parent=9832"}],"wp:term":[{"taxonomy":"category","embeddable":true,"href":"https:\/\/tvc16.com\/portal\/wp-json\/wp\/v2\/categories?post=9832"},{"taxonomy":"post_tag","embeddable":true,"href":"https:\/\/tvc16.com\/portal\/wp-json\/wp\/v2\/tags?post=9832"}],"curies":[{"name":"wp","href":"https:\/\/api.w.org\/{rel}","templated":true}]}}