{"id":98322,"date":"2025-01-31T08:36:03","date_gmt":"2025-01-31T11:36:03","guid":{"rendered":"https:\/\/tvc16.com\/portal\/?p=98322"},"modified":"2025-01-31T08:36:04","modified_gmt":"2025-01-31T11:36:04","slug":"inmet-emite-alerta-vermelho-para-chuvas-em-minas-sp-e-rio","status":"publish","type":"post","link":"https:\/\/tvc16.com\/portal\/2025\/01\/31\/inmet-emite-alerta-vermelho-para-chuvas-em-minas-sp-e-rio\/","title":{"rendered":"Inmet emite alerta vermelho para chuvas em Minas, SP e Rio"},"content":{"rendered":"\n<p><em>Riscos se estendem at\u00e9 as 10h desta sexta-feira<\/em><\/p>\n\n\n\n<p>Por Elaine Patricia Cruz \u2013 Rep\u00f3rter da Ag\u00eancia Brasil \/ Foto: Fernando Fraz\u00e3o\/Ag\u00eancia Brasil<\/p>\n\n\n\n<p><\/p>\n\n\n\n<p>O Instituto Nacional de Meteorologia (Inmet) emitiu nesta quinta-feira (30) um alerta vermelho para chuvas intensas em algumas regi\u00f5es dos estados de Minas Gerais, S\u00e3o Paulo e Rio de Janeiro. O alerta vermelho \u00e9 o de maior gravidade na escala utilizada pelo instituto e significa situa\u00e7\u00e3o de grande perigo.<img decoding=\"async\" src=\"https:\/\/agenciabrasil.ebc.com.br\/ebc.png?id=1628547&amp;o=node\"><img decoding=\"async\" src=\"https:\/\/agenciabrasil.ebc.com.br\/ebc.gif?id=1628547&amp;o=node\"><\/p>\n\n\n\n<p>O alerta para riscos de alagamentos, transbordamento de rios, desabamentos e deslizamentos de encostas vale desde as 15h e fica em vigor at\u00e9 as 10h de sexta-feira (31) e foi emitido para as regi\u00f5es da Costa Verde e do litoral sul do Rio de Janeiro; para o Vale do Para\u00edba e litoral norte de S\u00e3o Paulo; e para o sul de Minas Gerais.<\/p>\n\n\n\n<p>Segundo o Inmet, o alerta foi emitido porque as chuvas dever\u00e3o se intensificar a partir desta quinta-feira, podendo ficar acima dos 100 mil\u00edmetros por dia ou dos 60 mil\u00edmetros por hora.<\/p>\n\n\n\n<p>Um aviso laranja (perigo) para chuvas intensas tamb\u00e9m foi emitido para \u00e1reas de Mato Grosso, Goi\u00e1s, Distrito Federal, Tocantins, Par\u00e1, Mato Grosso do Sul, Amazonas, S\u00e3o Paulo, Rio de Janeiro e Minas Gerais. O alerta vale at\u00e9 sexta-feira cedo e indica que as chuvas podem atingir 30 mm\/h ou 60 mm\/h ou entre 50mm\/h e 100 mm\/dia, com ventos intensos, que podem alcan\u00e7ar 100 km\/h.<\/p>\n\n\n\n<p>No estado de S\u00e3o Paulo, o alerta laranja vale para as regi\u00f5es de Campinas, Bauru, Piracicaba, Itapetininga, Ribeir\u00e3o Preto, Ara\u00e7atuba, Mar\u00edlia, Araraquara e regi\u00e3o metropolitana da cidade.<\/p>\n\n\n\n<p>H\u00e1 ainda um aviso amarelo (perigo potencial) v\u00e1lido at\u00e9 sexta-feira para as demais regi\u00f5es do pa\u00eds, onde persiste a previs\u00e3o de chuvas que podem chegar a 50 mm no dia. Os \u00fanicos estados sem alertas do Inmet para chuvas s\u00e3o Alagoas, Roraima e Sergipe.<br><\/p>\n","protected":false},"excerpt":{"rendered":"<p>Riscos se estendem at\u00e9 as 10h desta sexta-feira Por Elaine Patricia Cruz \u2013 Rep\u00f3rter da<\/p>\n","protected":false},"author":2,"featured_media":98323,"comment_status":"open","ping_status":"open","sticky":false,"template":"","format":"standard","meta":{"footnotes":""},"categories":[17],"tags":[],"class_list":["post-98322","post","type-post","status-publish","format-standard","has-post-thumbnail","hentry","category-outras-noticias"],"_links":{"self":[{"href":"https:\/\/tvc16.com\/portal\/wp-json\/wp\/v2\/posts\/98322","targetHints":{"allow":["GET"]}}],"collection":[{"href":"https:\/\/tvc16.com\/portal\/wp-json\/wp\/v2\/posts"}],"about":[{"href":"https:\/\/tvc16.com\/portal\/wp-json\/wp\/v2\/types\/post"}],"author":[{"embeddable":true,"href":"https:\/\/tvc16.com\/portal\/wp-json\/wp\/v2\/users\/2"}],"replies":[{"embeddable":true,"href":"https:\/\/tvc16.com\/portal\/wp-json\/wp\/v2\/comments?post=98322"}],"version-history":[{"count":1,"href":"https:\/\/tvc16.com\/portal\/wp-json\/wp\/v2\/posts\/98322\/revisions"}],"predecessor-version":[{"id":98324,"href":"https:\/\/tvc16.com\/portal\/wp-json\/wp\/v2\/posts\/98322\/revisions\/98324"}],"wp:featuredmedia":[{"embeddable":true,"href":"https:\/\/tvc16.com\/portal\/wp-json\/wp\/v2\/media\/98323"}],"wp:attachment":[{"href":"https:\/\/tvc16.com\/portal\/wp-json\/wp\/v2\/media?parent=98322"}],"wp:term":[{"taxonomy":"category","embeddable":true,"href":"https:\/\/tvc16.com\/portal\/wp-json\/wp\/v2\/categories?post=98322"},{"taxonomy":"post_tag","embeddable":true,"href":"https:\/\/tvc16.com\/portal\/wp-json\/wp\/v2\/tags?post=98322"}],"curies":[{"name":"wp","href":"https:\/\/api.w.org\/{rel}","templated":true}]}}