{"id":98331,"date":"2025-01-31T08:41:33","date_gmt":"2025-01-31T11:41:33","guid":{"rendered":"https:\/\/tvc16.com\/portal\/?p=98331"},"modified":"2025-01-31T08:41:35","modified_gmt":"2025-01-31T11:41:35","slug":"brasil-registra-quase-3-mil-casos-de-oropouche-em-2025","status":"publish","type":"post","link":"https:\/\/tvc16.com\/portal\/2025\/01\/31\/brasil-registra-quase-3-mil-casos-de-oropouche-em-2025\/","title":{"rendered":"Brasil registra quase 3 mil casos de Oropouche em 2025"},"content":{"rendered":"\n<p><em>No Esp\u00edrito Santo foram anotadas 95% das ocorr\u00eancias<\/em><\/p>\n\n\n\n<p>Por Paula Laboissi\u00e8re \u2013 Rep\u00f3rter da Ag\u00eancia Brasil \/ Foto: Conselho Federal de Farm\u00e1cia\/Divulga\u00e7\u00e3o<\/p>\n\n\n\n<p><\/p>\n\n\n\n<p>Ao longo das quatro primeiras semanas de 2025, o Brasil contabilizou 2.791 casos de febre do Oropouche, sendo 2.652 ocorr\u00eancias apenas no Esp\u00edrito Santo, 99 casos no estado do Rio de Janeiro e 30 em Minas Gerais.<img decoding=\"async\" src=\"https:\/\/agenciabrasil.ebc.com.br\/ebc.png?id=1628493&amp;o=node\"><img decoding=\"async\" src=\"https:\/\/agenciabrasil.ebc.com.br\/ebc.gif?id=1628493&amp;o=node\"><\/p>\n\n\n\n<p>\u201cQuase tr\u00eas mil casos de Oropouche nas quatro primeiras semanas do ano, no Brasil \u2013 95%, aproximadamente, registrados no Esp\u00edrito Santo. \u00c9 uma preocupa\u00e7\u00e3o adicional em rela\u00e7\u00e3o ao ver\u00e3o passado que enfrentamos\u201d, disse o secret\u00e1rio-adjunto de Vigil\u00e2ncia em Sa\u00fade e Ambiente, Rivaldo Ven\u00e2ncio.<\/p>\n\n\n\n<p>Os demais casos de febre do Oropouche foram identificados na Para\u00edba (7), Cear\u00e1 (1), Paran\u00e1 (1) e Roraima (1).<\/p>\n\n\n\n<h2 class=\"wp-block-heading\">Entenda<\/h2>\n\n\n\n<p>O Minist\u00e9rio da Sa\u00fade define a febre do Oropouche como uma doen\u00e7a causada por um arbov\u00edrus do g\u00eanero&nbsp;<em>Orthobunyavirus<\/em>, identificado pela primeira vez no Brasil em 1960, a partir da amostra de sangue de um bicho-pregui\u00e7a capturado durante a constru\u00e7\u00e3o da rodovia Bel\u00e9m-Bras\u00edlia.<\/p>\n\n\n\n<p>Desde ent\u00e3o, casos isolados e surtos foram relatados no pa\u00eds, sobretudo na regi\u00e3o amaz\u00f4nica, considerada end\u00eamica para a enfermidade. Em 2024, entretanto, a doen\u00e7a passou a preocupar autoridades sanit\u00e1rias brasileiras, com transmiss\u00e3o aut\u00f3ctone em diversas unidades federativas.<\/p>\n\n\n\n<p>A transmiss\u00e3o acontece principalmente por meio do vetor&nbsp;<em>Culicoides paraensis<\/em>, conhecido popularmente como maruim ou mosquito-p\u00f3lvora. No ciclo silvestre, bichos-pregui\u00e7a e primatas n\u00e3o-humanos (e possivelmente aves silvestres e roedores) atuam como hospedeiros.<\/p>\n\n\n\n<p>No ciclo urbano, os humanos s\u00e3o os principais hospedeiros. Nesse cen\u00e1rio, o mosquito&nbsp;<em>Culex quinquefasciatus<\/em>, popularmente conhecido como pernilongo e comumente encontrado em ambientes urbanos, tamb\u00e9m pode transmitir o v\u00edrus.<\/p>\n\n\n\n<h2 class=\"wp-block-heading\">Dengue e dor de cabe\u00e7a<\/h2>\n\n\n\n<p>Os sintomas s\u00e3o parecidos com os da dengue e incluem dor de cabe\u00e7a intensa, dor muscular, n\u00e1usea e diarreia. O quadro cl\u00ednico agudo, segundo o minist\u00e9rio, evolui com febre de in\u00edcio s\u00fabito, cefaleia (dor de cabe\u00e7a), mialgia (dor muscular) e artralgia (dor articular).<\/p>\n\n\n\n<p>Outros sintomas &#8211; tontura, dor retro-ocular, calafrios, fotofobia, n\u00e1useas e v\u00f4mitos &#8211; tamb\u00e9m s\u00e3o relatados. Casos com acometimento do sistema nervoso central (como meningite ass\u00e9ptica e meningoencefalite), especialmente em pacientes imunocomprometidos e com manifesta\u00e7\u00f5es hemorr\u00e1gicas (pet\u00e9quias, epistaxe, gengivorragia) podem ocorrer.<\/p>\n\n\n\n<p>Em 2024, a Bahia confirmou duas mortes por febre do Oropouche no estado. At\u00e9 ent\u00e3o, n\u00e3o havia nenhum registro de \u00f3bito associado \u00e0 infec\u00e7\u00e3o em todo o mundo. De acordo com a Secretaria de Sa\u00fade da Bahia, as mortes foram registradas em pacientes sem comorbidades e n\u00e3o gestantes.<\/p>\n\n\n\n<p>A primeira morte, uma mulher de 24 anos que residia no munic\u00edpio de Valen\u00e7a, ocorreu no dia 27 de mar\u00e7o. O segundo \u00f3bito, uma mulher de 21 anos que residia em Camamu, foi anotado no dia 10 de maio.<br><\/p>\n","protected":false},"excerpt":{"rendered":"<p>No Esp\u00edrito Santo foram anotadas 95% das ocorr\u00eancias Por Paula Laboissi\u00e8re \u2013 Rep\u00f3rter da Ag\u00eancia<\/p>\n","protected":false},"author":2,"featured_media":98332,"comment_status":"open","ping_status":"open","sticky":false,"template":"","format":"standard","meta":{"footnotes":""},"categories":[17],"tags":[],"class_list":["post-98331","post","type-post","status-publish","format-standard","has-post-thumbnail","hentry","category-outras-noticias"],"_links":{"self":[{"href":"https:\/\/tvc16.com\/portal\/wp-json\/wp\/v2\/posts\/98331","targetHints":{"allow":["GET"]}}],"collection":[{"href":"https:\/\/tvc16.com\/portal\/wp-json\/wp\/v2\/posts"}],"about":[{"href":"https:\/\/tvc16.com\/portal\/wp-json\/wp\/v2\/types\/post"}],"author":[{"embeddable":true,"href":"https:\/\/tvc16.com\/portal\/wp-json\/wp\/v2\/users\/2"}],"replies":[{"embeddable":true,"href":"https:\/\/tvc16.com\/portal\/wp-json\/wp\/v2\/comments?post=98331"}],"version-history":[{"count":1,"href":"https:\/\/tvc16.com\/portal\/wp-json\/wp\/v2\/posts\/98331\/revisions"}],"predecessor-version":[{"id":98333,"href":"https:\/\/tvc16.com\/portal\/wp-json\/wp\/v2\/posts\/98331\/revisions\/98333"}],"wp:featuredmedia":[{"embeddable":true,"href":"https:\/\/tvc16.com\/portal\/wp-json\/wp\/v2\/media\/98332"}],"wp:attachment":[{"href":"https:\/\/tvc16.com\/portal\/wp-json\/wp\/v2\/media?parent=98331"}],"wp:term":[{"taxonomy":"category","embeddable":true,"href":"https:\/\/tvc16.com\/portal\/wp-json\/wp\/v2\/categories?post=98331"},{"taxonomy":"post_tag","embeddable":true,"href":"https:\/\/tvc16.com\/portal\/wp-json\/wp\/v2\/tags?post=98331"}],"curies":[{"name":"wp","href":"https:\/\/api.w.org\/{rel}","templated":true}]}}