{"id":98335,"date":"2025-01-31T08:55:38","date_gmt":"2025-01-31T11:55:38","guid":{"rendered":"https:\/\/tvc16.com\/portal\/?p=98335"},"modified":"2025-01-31T08:56:10","modified_gmt":"2025-01-31T11:56:10","slug":"prefeitura-de-petropolis-participa-do-encontro-nacional-do-pnae-2025-em-brasilia","status":"publish","type":"post","link":"https:\/\/tvc16.com\/portal\/2025\/01\/31\/prefeitura-de-petropolis-participa-do-encontro-nacional-do-pnae-2025-em-brasilia\/","title":{"rendered":"Prefeitura de Petr\u00f3polis participa do Encontro Nacional do PNAE 2025 em Bras\u00edlia"},"content":{"rendered":"\n<p><em>Servidora representar\u00e1 o munic\u00edpio em debates sobre alimenta\u00e7\u00e3o escolar<\/em><\/p>\n\n\n\n<p>A Prefeitura de Petr\u00f3polis, por meio da Secretaria de Educa\u00e7\u00e3o, marcar\u00e1 presen\u00e7a no Encontro Nacional do Programa Nacional de Alimenta\u00e7\u00e3o Escolar (PNAE) 2025, que ocorrer\u00e1 nos dias 4 e 5 de fevereiro, no Centro Internacional de Conven\u00e7\u00f5es do Brasil (CICB), em Bras\u00edlia. O evento, promovido pelo Fundo Nacional de Desenvolvimento da Educa\u00e7\u00e3o (FNDE), vinculado ao Minist\u00e9rio da Educa\u00e7\u00e3o (MEC), reunir\u00e1 aproximadamente 1.500 participantes para debater a constru\u00e7\u00e3o da Pol\u00edtica Brasileira de Alimenta\u00e7\u00e3o Escolar, atualmente em an\u00e1lise no Senado. Representando a cidade no encontro, a servidora Joana Costa participar\u00e1 das discuss\u00f5es sobre diretrizes fundamentais para o fortalecimento da alimenta\u00e7\u00e3o escolar no pa\u00eds.<\/p>\n\n\n\n<p>O prefeito Hingo Hammes ressaltou a relev\u00e2ncia desse protagonismo municipal no cen\u00e1rio nacional. \u201cA presen\u00e7a de Petr\u00f3polis nesse evento demonstra nosso compromisso com o aprimoramento das pol\u00edticas p\u00fablicas. Ter uma profissional experiente representando nossa cidade em um debate t\u00e3o importante \u00e9 um passo significativo para garantirmos uma alimenta\u00e7\u00e3o escolar mais eficiente, inclusiva e de qualidade\u201d, aponta.<\/p>\n\n\n\n<p>O secret\u00e1rio municipal de Educa\u00e7\u00e3o, Alexandre Gurgel, tamb\u00e9m destacou a import\u00e2ncia do evento. \u201cA participa\u00e7\u00e3o de nossa equipe em um encontro dessa magnitude permite que possamos alinhar nossas pr\u00e1ticas com as melhores estrat\u00e9gias nacionais, promovendo melhorias concretas na merenda escolar e na qualidade de vida de nossos estudantes\u201d.<\/p>\n\n\n\n<p>A programa\u00e7\u00e3o do evento incluir\u00e1 pain\u00e9is, debates e oficinas t\u00e9cnicas sobre temas como hist\u00f3rico do PNAE, transforma\u00e7\u00e3o de sistemas agroalimentares, participa\u00e7\u00e3o social, alimenta\u00e7\u00e3o saud\u00e1vel e financiamento. Especialistas e t\u00e9cnicos tamb\u00e9m participar\u00e3o de sess\u00f5es de design thinking para propor solu\u00e7\u00f5es inovadoras para a pol\u00edtica em debate. Entre os eixos estrat\u00e9gicos das oficinas est\u00e3o agricultura familiar, educa\u00e7\u00e3o nutricional e equidade.<\/p>\n","protected":false},"excerpt":{"rendered":"<p>Servidora representar\u00e1 o munic\u00edpio em debates sobre alimenta\u00e7\u00e3o escolar A Prefeitura de Petr\u00f3polis, por meio<\/p>\n","protected":false},"author":2,"featured_media":91581,"comment_status":"open","ping_status":"open","sticky":false,"template":"","format":"standard","meta":{"footnotes":""},"categories":[12],"tags":[],"class_list":["post-98335","post","type-post","status-publish","format-standard","has-post-thumbnail","hentry","category-cidade"],"_links":{"self":[{"href":"https:\/\/tvc16.com\/portal\/wp-json\/wp\/v2\/posts\/98335","targetHints":{"allow":["GET"]}}],"collection":[{"href":"https:\/\/tvc16.com\/portal\/wp-json\/wp\/v2\/posts"}],"about":[{"href":"https:\/\/tvc16.com\/portal\/wp-json\/wp\/v2\/types\/post"}],"author":[{"embeddable":true,"href":"https:\/\/tvc16.com\/portal\/wp-json\/wp\/v2\/users\/2"}],"replies":[{"embeddable":true,"href":"https:\/\/tvc16.com\/portal\/wp-json\/wp\/v2\/comments?post=98335"}],"version-history":[{"count":1,"href":"https:\/\/tvc16.com\/portal\/wp-json\/wp\/v2\/posts\/98335\/revisions"}],"predecessor-version":[{"id":98336,"href":"https:\/\/tvc16.com\/portal\/wp-json\/wp\/v2\/posts\/98335\/revisions\/98336"}],"wp:featuredmedia":[{"embeddable":true,"href":"https:\/\/tvc16.com\/portal\/wp-json\/wp\/v2\/media\/91581"}],"wp:attachment":[{"href":"https:\/\/tvc16.com\/portal\/wp-json\/wp\/v2\/media?parent=98335"}],"wp:term":[{"taxonomy":"category","embeddable":true,"href":"https:\/\/tvc16.com\/portal\/wp-json\/wp\/v2\/categories?post=98335"},{"taxonomy":"post_tag","embeddable":true,"href":"https:\/\/tvc16.com\/portal\/wp-json\/wp\/v2\/tags?post=98335"}],"curies":[{"name":"wp","href":"https:\/\/api.w.org\/{rel}","templated":true}]}}