{"id":98337,"date":"2025-02-01T05:00:00","date_gmt":"2025-02-01T08:00:00","guid":{"rendered":"https:\/\/tvc16.com\/portal\/?p=98337"},"modified":"2025-01-31T09:30:13","modified_gmt":"2025-01-31T12:30:13","slug":"chuvas-governo-do-estado-retira-700-toneladas-de-residuos-em-rios-e-canais-de-nova-iguacu","status":"publish","type":"post","link":"https:\/\/tvc16.com\/portal\/2025\/02\/01\/chuvas-governo-do-estado-retira-700-toneladas-de-residuos-em-rios-e-canais-de-nova-iguacu\/","title":{"rendered":"Chuvas: Governo do Estado\u00a0retira 700 toneladas de res\u00edduos em rios e canais de\u00a0Nova Igua\u00e7u"},"content":{"rendered":"\n<p><em>Equipes\u00a0atuam,\u00a0nesta quinta-feira (30\/01),\u00a0no\u00a0munic\u00edpio\u00a0para mitigar danos causados pelo temporal\u00a0<\/em><br><br>As equipes do Governo do Estado enviadas, nesta quinta-feira (30\/01), para\u00a0reduzir os danos causados pela chuva que atinge\u00a0Nova Igua\u00e7u, na Baixada Fluminense, realizaram a limpeza de rios e canais da regi\u00e3o, retirando, por meio do programa Limpa Rio, cerca de\u00a0700 toneladas de res\u00edduos. A for\u00e7a-tarefa estadual tamb\u00e9m vistoriou\u00a0os principais pontos atingidos e entregou kits de higiene e cestas b\u00e1sicas.<br>\u2013 Nossa principal miss\u00e3o \u00e9 evitar grandes danos e garantir que a popula\u00e7\u00e3o permane\u00e7a segura. Vamos seguir monitorando as chuvas e a previs\u00e3o para os pr\u00f3ximos dias. Enviamos equipes de apoio para Nova Igua\u00e7u, assim que solicitaram aux\u00edlio, e queremos fortalecer ainda mais a nossa capacidade de resposta em momentos cr\u00edticos \u2013 declarou o governador Cl\u00e1udio Castro.<\/p>\n\n\n\n<p>A Secretaria do Ambiente e Sustentabilidade atuou em quatro frentes de trabalho espalhadas pela cidade: Vila S\u00e3o Jorge, Jardim Cana\u00e3, Jardim Viga e Ouro Verde. A a\u00e7\u00e3o contou com 35 homens, seis retroescavadeiras, 11 caminh\u00f5es, tr\u00eas mini escavadeiras, tr\u00eas caminh\u00f5es- pipa, al\u00e9m de tr\u00eas Vacall \u2013 equipamento utilizado para suc\u00e7\u00e3o de res\u00edduos.<\/p>\n\n\n\n<p>\u2013 Desde o come\u00e7o das chuvas estamos monitorando a eleva\u00e7\u00e3o dos principais rios do estado. Imediatamente enviamos homens e m\u00e1quinas para desobstruir canais e fazer a limpeza no munic\u00edpio. Continuamos em alerta. Temos previs\u00e3o de mais chuvas e alguns rios seguem com n\u00edvel elevado \u2013 disse o secret\u00e1rio do Ambiente e Sustentabilidade, Bernardo Rossi.<\/p>\n\n\n\n<p><strong>Entrega de insumos<\/strong><\/p>\n\n\n\n<p>A Secretaria de Desenvolvimento Social e Direitos Humanos realizou a entrega de insumos para os munic\u00edpios de Nova Igua\u00e7u e de Belford Roxo, outra cidade atingida pelo temporal.&nbsp;Foram 850 kits distribu\u00eddos, sendo 100 colch\u00f5es, 250 fardos de \u00e1gua, 100 cestas b\u00e1sicas, 100 kits de higiene e 300 kits de limpeza.<\/p>\n\n\n\n<p>Os militares da Defesa Civil do Estado acompanham os trabalhos em Nova Igua\u00e7u, vistoriando os locais&nbsp;afetados&nbsp;junto \u00e0 prefeitura e permanecem mobilizados para o atendimento a poss\u00edveis emerg\u00eancias. As equipes contam com apoio de viaturas de salvamento e resgate, ambul\u00e2ncias, embarca\u00e7\u00f5es, drones e aeronaves.<\/p>\n\n\n\n<p>Desde quarta-feira (29\/01), o Corpo de Bombeiros foi acionado para 15 ocorr\u00eancias relacionadas \u00e0s chuvas em todo o estado, a maioria envolvendo acidentes de tr\u00e2nsito, cortes de \u00e1rvores, inunda\u00e7\u00f5es ou alagamentos. N\u00e3o h\u00e1 registro de ocorr\u00eancias graves, nem de v\u00edtimas.<\/p>\n\n\n\n<p>\u2013 A Defesa Civil Estadual e o Corpo de Bombeiros atuam para prevenir e minimizar quaisquer danos. O Centro Estadual de Monitoramento e Alerta de Desastres Naturais (CEMADEN-RJ) acompanha as condi\u00e7\u00f5es meteorol\u00f3gicas e os n\u00edveis pluviom\u00e9tricos no territ\u00f3rio fluminense, enviando alertas para os munic\u00edpios quando necess\u00e1rio \u2013 afirmou o secret\u00e1rio de Defesa Civil, coronel Tarciso Salles.<\/p>\n\n\n\n<p><strong>Tempo inst\u00e1vel<\/strong><\/p>\n\n\n\n<p>O tempo segue inst\u00e1vel no estado at\u00e9 o dia 4 de fevereiro. Ao longo dos dias, s\u00e3o esperadas pancadas isoladas de chuva moderada a forte, sendo ocasionalmente muito forte, que podem vir com raios e rajadas de vento. Os altos acumulados podem acarretar em eventos hidrol\u00f3gicos cr\u00edticos, como alagamentos, inunda\u00e7\u00f5es e enxurradas, e suscetibilidade a deslizamentos. Os maiores efeitos s\u00e3o esperados nas regi\u00f5es Sul, Costa Verde e Serrana.<\/p>\n","protected":false},"excerpt":{"rendered":"<p>Equipes\u00a0atuam,\u00a0nesta quinta-feira (30\/01),\u00a0no\u00a0munic\u00edpio\u00a0para mitigar danos causados pelo temporal\u00a0 As equipes do Governo do Estado enviadas,<\/p>\n","protected":false},"author":2,"featured_media":98338,"comment_status":"open","ping_status":"open","sticky":false,"template":"","format":"standard","meta":{"footnotes":""},"categories":[17],"tags":[],"class_list":["post-98337","post","type-post","status-publish","format-standard","has-post-thumbnail","hentry","category-outras-noticias"],"_links":{"self":[{"href":"https:\/\/tvc16.com\/portal\/wp-json\/wp\/v2\/posts\/98337","targetHints":{"allow":["GET"]}}],"collection":[{"href":"https:\/\/tvc16.com\/portal\/wp-json\/wp\/v2\/posts"}],"about":[{"href":"https:\/\/tvc16.com\/portal\/wp-json\/wp\/v2\/types\/post"}],"author":[{"embeddable":true,"href":"https:\/\/tvc16.com\/portal\/wp-json\/wp\/v2\/users\/2"}],"replies":[{"embeddable":true,"href":"https:\/\/tvc16.com\/portal\/wp-json\/wp\/v2\/comments?post=98337"}],"version-history":[{"count":1,"href":"https:\/\/tvc16.com\/portal\/wp-json\/wp\/v2\/posts\/98337\/revisions"}],"predecessor-version":[{"id":98339,"href":"https:\/\/tvc16.com\/portal\/wp-json\/wp\/v2\/posts\/98337\/revisions\/98339"}],"wp:featuredmedia":[{"embeddable":true,"href":"https:\/\/tvc16.com\/portal\/wp-json\/wp\/v2\/media\/98338"}],"wp:attachment":[{"href":"https:\/\/tvc16.com\/portal\/wp-json\/wp\/v2\/media?parent=98337"}],"wp:term":[{"taxonomy":"category","embeddable":true,"href":"https:\/\/tvc16.com\/portal\/wp-json\/wp\/v2\/categories?post=98337"},{"taxonomy":"post_tag","embeddable":true,"href":"https:\/\/tvc16.com\/portal\/wp-json\/wp\/v2\/tags?post=98337"}],"curies":[{"name":"wp","href":"https:\/\/api.w.org\/{rel}","templated":true}]}}