{"id":98340,"date":"2025-02-01T15:24:46","date_gmt":"2025-02-01T18:24:46","guid":{"rendered":"https:\/\/tvc16.com\/portal\/?p=98340"},"modified":"2025-02-01T15:25:36","modified_gmt":"2025-02-01T18:25:36","slug":"taxa-de-desemprego-fica-em-62-no-ultimo-trimestre-de-2024","status":"publish","type":"post","link":"https:\/\/tvc16.com\/portal\/2025\/02\/01\/taxa-de-desemprego-fica-em-62-no-ultimo-trimestre-de-2024\/","title":{"rendered":"Taxa de desemprego fica em 6,2% no \u00faltimo trimestre de 2024"},"content":{"rendered":"\n<p><em>M\u00e9dia do ano ficou em 6,6%, menor patamar da s\u00e9rie hist\u00f3rica<\/em><\/p>\n\n\n\n<p>Por Vitor Abdala &#8211; Rep\u00f3rter da Ag\u00eancia Brasil \/ Foto: Frame Caminhos da Reportagem\/TV Brasil<\/p>\n\n\n\n<p><\/p>\n\n\n\n<p>A taxa de desocupa\u00e7\u00e3o, tamb\u00e9m conhecida como taxa de desemprego, no pa\u00eds ficou em 6,2% no \u00faltimo trimestre de 2024. O \u00edndice \u00e9 estatisticamente est\u00e1vel em rela\u00e7\u00e3o ao terceiro trimestre do ano (6,4%) e inferior ao observado no \u00faltimo trimestre de 2023 (7,4%). Os dados s\u00e3o da Pesquisa Nacional por Amostra de Domic\u00edlios (Pnad) Cont\u00ednua, divulgada nesta sexta-feira (31)&nbsp;pelo Instituto Brasileiro de Geografia e Estat\u00edstica (IBGE).<img decoding=\"async\" src=\"https:\/\/agenciabrasil.ebc.com.br\/ebc.png?id=1628603&amp;o=node\"><img decoding=\"async\" src=\"https:\/\/agenciabrasil.ebc.com.br\/ebc.gif?id=1628603&amp;o=node\"><\/p>\n\n\n\n<p>Com o resultado, a taxa anual de desocupa\u00e7\u00e3o ficou em 6,6%, o menor patamar da s\u00e9rie hist\u00f3rica&nbsp;iniciada em 2012. Antes disso, o menor n\u00edvel havia sido 7% em 2014.<\/p>\n\n\n\n<p>No \u00faltimo trimestre de 2024, o contingente de desocupados ficou em 6,8 milh\u00f5es, est\u00e1vel em rela\u00e7\u00e3o ao trimestre anterior e 15,6% inferior ao \u00faltimo trimestre do ano anterior (menos 1,3 milh\u00e3o de pessoas).<\/p>\n\n\n\n<p>A popula\u00e7\u00e3o ocupada (103,8 milh\u00f5es) cresceu em ambas as compara\u00e7\u00f5es: 0,8% (mais 789 mil pessoas) no trimestre e 2,8% (mais 2,8 milh\u00f5es de pessoas) no ano.<\/p>\n\n\n\n<p>O rendimento real habitual do trabalhador subiu para R$ 3.315 no \u00faltimo trimestre de 2024, ou seja, altas de 1,4% na compara\u00e7\u00e3o trimestral e de 4,3% na compara\u00e7\u00e3o anual. A massa de rendimento real habitual&nbsp;registrou o volume recorde de R$ 339,5 bilh\u00f5es, 2,3% a mais (ou mais R$ 7,5 bilh\u00f5es) que no trimestre anterior e 7,4% superior (ou mais R$ 23,3 bilh\u00f5es) que no quatro trimestre de 2023.<br><\/p>\n","protected":false},"excerpt":{"rendered":"<p>M\u00e9dia do ano ficou em 6,6%, menor patamar da s\u00e9rie hist\u00f3rica Por Vitor Abdala &#8211;<\/p>\n","protected":false},"author":2,"featured_media":98341,"comment_status":"open","ping_status":"open","sticky":false,"template":"","format":"standard","meta":{"footnotes":""},"categories":[17],"tags":[],"class_list":["post-98340","post","type-post","status-publish","format-standard","has-post-thumbnail","hentry","category-outras-noticias"],"_links":{"self":[{"href":"https:\/\/tvc16.com\/portal\/wp-json\/wp\/v2\/posts\/98340","targetHints":{"allow":["GET"]}}],"collection":[{"href":"https:\/\/tvc16.com\/portal\/wp-json\/wp\/v2\/posts"}],"about":[{"href":"https:\/\/tvc16.com\/portal\/wp-json\/wp\/v2\/types\/post"}],"author":[{"embeddable":true,"href":"https:\/\/tvc16.com\/portal\/wp-json\/wp\/v2\/users\/2"}],"replies":[{"embeddable":true,"href":"https:\/\/tvc16.com\/portal\/wp-json\/wp\/v2\/comments?post=98340"}],"version-history":[{"count":1,"href":"https:\/\/tvc16.com\/portal\/wp-json\/wp\/v2\/posts\/98340\/revisions"}],"predecessor-version":[{"id":98342,"href":"https:\/\/tvc16.com\/portal\/wp-json\/wp\/v2\/posts\/98340\/revisions\/98342"}],"wp:featuredmedia":[{"embeddable":true,"href":"https:\/\/tvc16.com\/portal\/wp-json\/wp\/v2\/media\/98341"}],"wp:attachment":[{"href":"https:\/\/tvc16.com\/portal\/wp-json\/wp\/v2\/media?parent=98340"}],"wp:term":[{"taxonomy":"category","embeddable":true,"href":"https:\/\/tvc16.com\/portal\/wp-json\/wp\/v2\/categories?post=98340"},{"taxonomy":"post_tag","embeddable":true,"href":"https:\/\/tvc16.com\/portal\/wp-json\/wp\/v2\/tags?post=98340"}],"curies":[{"name":"wp","href":"https:\/\/api.w.org\/{rel}","templated":true}]}}