{"id":9835,"date":"2021-01-23T20:13:18","date_gmt":"2021-01-23T23:13:18","guid":{"rendered":"https:\/\/tvc16.com\/portal\/?p=9835"},"modified":"2021-01-23T20:13:21","modified_gmt":"2021-01-23T23:13:21","slug":"em-petropolis-64-pessoas-estao-internadas-por-conta-da-covid-19-em-leitos-de-uti-privados-e-pelo-sus-outras-90-estao-em-leitos-clinicos-privados-e-pelo-sus-totalizando-182-internacoes-em-toda-a-r","status":"publish","type":"post","link":"https:\/\/tvc16.com\/portal\/2021\/01\/23\/em-petropolis-64-pessoas-estao-internadas-por-conta-da-covid-19-em-leitos-de-uti-privados-e-pelo-sus-outras-90-estao-em-leitos-clinicos-privados-e-pelo-sus-totalizando-182-internacoes-em-toda-a-r\/","title":{"rendered":"Em Petr\u00f3polis, 64 pessoas est\u00e3o internadas, por conta da Covid-19, em leitos de UTI privados e pelo SUS. Outras 90 est\u00e3o em leitos cl\u00ednicos privados e pelo SUS, totalizando 182 interna\u00e7\u00f5es em toda a rede de Petr\u00f3polis. A ocupa\u00e7\u00e3o de leitos cl\u00ednicos pelo SUS \u00e9 de 53,85% e de 51,61% em leitos de UTI."},"content":{"rendered":"\n<p>O boletim epidemiol\u00f3gico da Secretaria de Sa\u00fade deste s\u00e1bado (23), mostra que Petr\u00f3polis fez, at\u00e9 agora, 106.688 testes para covid-19, com 14.585 resultados positivos e 87.545 negativos (levando em considera\u00e7\u00e3o testes r\u00e1pidos e Swab). H\u00e1 4.558 casos em an\u00e1lise e 9.939 recuperados.<\/p>\n\n\n\n<p><\/p>\n\n\n\n<figure class=\"wp-block-image size-large\"><img loading=\"lazy\" decoding=\"async\" width=\"819\" height=\"1024\" src=\"https:\/\/tvc16.com\/portal\/wp-content\/uploads\/2021\/01\/IMG-20210123-WA0091-819x1024.jpg\" alt=\"\" class=\"wp-image-9836\" srcset=\"https:\/\/tvc16.com\/portal\/wp-content\/uploads\/2021\/01\/IMG-20210123-WA0091-819x1024.jpg 819w, https:\/\/tvc16.com\/portal\/wp-content\/uploads\/2021\/01\/IMG-20210123-WA0091-240x300.jpg 240w, https:\/\/tvc16.com\/portal\/wp-content\/uploads\/2021\/01\/IMG-20210123-WA0091-768x960.jpg 768w, https:\/\/tvc16.com\/portal\/wp-content\/uploads\/2021\/01\/IMG-20210123-WA0091.jpg 1024w\" sizes=\"auto, (max-width: 819px) 100vw, 819px\" \/><\/figure>\n\n\n\n<p><\/p>\n\n\n\n<p>A Secretaria de Sa\u00fade esclarece que o n\u00famero de \u00f3bitos, hoje em 454, \u00e9 atualizado nos boletins apenas ap\u00f3s o registro do atestado de \u00f3bito e do resultado do exame do paciente no sistema de Vigil\u00e2ncia Epidemiol\u00f3gica, o que \u00e9 feito por equipe administrativa. Trata-se de medida de seguran\u00e7a, para evitar erro na informa\u00e7\u00e3o divulgada pela Secretaria de Sa\u00fade.<\/p>\n","protected":false},"excerpt":{"rendered":"<p>O boletim epidemiol\u00f3gico da Secretaria de Sa\u00fade deste s\u00e1bado (23), mostra que Petr\u00f3polis fez, at\u00e9<\/p>\n","protected":false},"author":2,"featured_media":9837,"comment_status":"open","ping_status":"open","sticky":false,"template":"","format":"standard","meta":{"footnotes":""},"categories":[12],"tags":[],"class_list":["post-9835","post","type-post","status-publish","format-standard","has-post-thumbnail","hentry","category-cidade"],"_links":{"self":[{"href":"https:\/\/tvc16.com\/portal\/wp-json\/wp\/v2\/posts\/9835","targetHints":{"allow":["GET"]}}],"collection":[{"href":"https:\/\/tvc16.com\/portal\/wp-json\/wp\/v2\/posts"}],"about":[{"href":"https:\/\/tvc16.com\/portal\/wp-json\/wp\/v2\/types\/post"}],"author":[{"embeddable":true,"href":"https:\/\/tvc16.com\/portal\/wp-json\/wp\/v2\/users\/2"}],"replies":[{"embeddable":true,"href":"https:\/\/tvc16.com\/portal\/wp-json\/wp\/v2\/comments?post=9835"}],"version-history":[{"count":1,"href":"https:\/\/tvc16.com\/portal\/wp-json\/wp\/v2\/posts\/9835\/revisions"}],"predecessor-version":[{"id":9838,"href":"https:\/\/tvc16.com\/portal\/wp-json\/wp\/v2\/posts\/9835\/revisions\/9838"}],"wp:featuredmedia":[{"embeddable":true,"href":"https:\/\/tvc16.com\/portal\/wp-json\/wp\/v2\/media\/9837"}],"wp:attachment":[{"href":"https:\/\/tvc16.com\/portal\/wp-json\/wp\/v2\/media?parent=9835"}],"wp:term":[{"taxonomy":"category","embeddable":true,"href":"https:\/\/tvc16.com\/portal\/wp-json\/wp\/v2\/categories?post=9835"},{"taxonomy":"post_tag","embeddable":true,"href":"https:\/\/tvc16.com\/portal\/wp-json\/wp\/v2\/tags?post=9835"}],"curies":[{"name":"wp","href":"https:\/\/api.w.org\/{rel}","templated":true}]}}