{"id":98350,"date":"2025-01-31T10:28:25","date_gmt":"2025-01-31T13:28:25","guid":{"rendered":"https:\/\/tvc16.com\/portal\/?p=98350"},"modified":"2025-01-31T10:28:28","modified_gmt":"2025-01-31T13:28:28","slug":"secretario-da-defesa-civil-vai-a-brasilia-para-alinhamento-de-acoes-com-a-defesa-civil-nacional","status":"publish","type":"post","link":"https:\/\/tvc16.com\/portal\/2025\/01\/31\/secretario-da-defesa-civil-vai-a-brasilia-para-alinhamento-de-acoes-com-a-defesa-civil-nacional\/","title":{"rendered":"Secret\u00e1rio da Defesa Civil vai a Bras\u00edlia para alinhamento de a\u00e7\u00f5es com a Defesa Civil Nacional"},"content":{"rendered":"\n<p>Alinhamento de protocolos de alertas e alarmes e a destina\u00e7\u00e3o de verbas para obras de reconstru\u00e7\u00e3o da cidade foram os temas da visita do secret\u00e1rio de Prote\u00e7\u00e3o e Defesa Civil, Guilherme Moraes no Centro Nacional de Gerenciamento de Riscos e Desastres (Cenad), em Bras\u00edlia. T\u00e9cnicos da Defesa Civil tamb\u00e9m participaram da visita.<\/p>\n\n\n\n<p>\u201cFoi um encontro muito positivo para alinhamento desses protocolos emitidos pelo Cenad e pela Prefeitura, tudo com o objetivo de atendermos melhor a popula\u00e7\u00e3o. Todas essas a\u00e7\u00f5es refor\u00e7am o compromisso da Prefeitura para uma cidade mais segura e resiliente\u201d, comentou o secret\u00e1rio de Prote\u00e7\u00e3o e Defesa Civil, Guilherme Moraes.<\/p>\n\n\n\n<p>O diretor geral de Monitoramento e Alerta, Tiago Schnorr, tamb\u00e9m falou da import\u00e2ncia da parceria com a Prefeitura de Petr\u00f3polis. \u201c\u00c9 preciso sempre estreitar os la\u00e7os para melhorar o servi\u00e7o prestado para a popula\u00e7\u00e3o, seja na tem\u00e1tica de monitoramento, de obras de preven\u00e7\u00e3o e de resposta\u201d, ressaltou.<\/p>\n\n\n\n<p>O secret\u00e1rio de Prote\u00e7\u00e3o e Defesa Civil, Guilherme Moraes tamb\u00e9m teve um encontro, em Bras\u00edlia, com o secret\u00e1rio Nacional de Defesa Civil, Wolnei Wolff, sobre a destina\u00e7\u00e3o das verbas para a reconstru\u00e7\u00e3o da cidade, estreitamento da rela\u00e7\u00e3o com a Defesa Civil Nacional e a coopera\u00e7\u00e3o t\u00e9cnica do munic\u00edpio de Petr\u00f3polis com ag\u00eancias internacionais.<\/p>\n","protected":false},"excerpt":{"rendered":"<p>Alinhamento de protocolos de alertas e alarmes e a destina\u00e7\u00e3o de verbas para obras de<\/p>\n","protected":false},"author":2,"featured_media":98351,"comment_status":"open","ping_status":"open","sticky":false,"template":"","format":"standard","meta":{"footnotes":""},"categories":[12],"tags":[],"class_list":["post-98350","post","type-post","status-publish","format-standard","has-post-thumbnail","hentry","category-cidade"],"_links":{"self":[{"href":"https:\/\/tvc16.com\/portal\/wp-json\/wp\/v2\/posts\/98350","targetHints":{"allow":["GET"]}}],"collection":[{"href":"https:\/\/tvc16.com\/portal\/wp-json\/wp\/v2\/posts"}],"about":[{"href":"https:\/\/tvc16.com\/portal\/wp-json\/wp\/v2\/types\/post"}],"author":[{"embeddable":true,"href":"https:\/\/tvc16.com\/portal\/wp-json\/wp\/v2\/users\/2"}],"replies":[{"embeddable":true,"href":"https:\/\/tvc16.com\/portal\/wp-json\/wp\/v2\/comments?post=98350"}],"version-history":[{"count":1,"href":"https:\/\/tvc16.com\/portal\/wp-json\/wp\/v2\/posts\/98350\/revisions"}],"predecessor-version":[{"id":98352,"href":"https:\/\/tvc16.com\/portal\/wp-json\/wp\/v2\/posts\/98350\/revisions\/98352"}],"wp:featuredmedia":[{"embeddable":true,"href":"https:\/\/tvc16.com\/portal\/wp-json\/wp\/v2\/media\/98351"}],"wp:attachment":[{"href":"https:\/\/tvc16.com\/portal\/wp-json\/wp\/v2\/media?parent=98350"}],"wp:term":[{"taxonomy":"category","embeddable":true,"href":"https:\/\/tvc16.com\/portal\/wp-json\/wp\/v2\/categories?post=98350"},{"taxonomy":"post_tag","embeddable":true,"href":"https:\/\/tvc16.com\/portal\/wp-json\/wp\/v2\/tags?post=98350"}],"curies":[{"name":"wp","href":"https:\/\/api.w.org\/{rel}","templated":true}]}}