{"id":98353,"date":"2025-01-31T11:08:21","date_gmt":"2025-01-31T14:08:21","guid":{"rendered":"https:\/\/tvc16.com\/portal\/?p=98353"},"modified":"2025-01-31T11:08:26","modified_gmt":"2025-01-31T14:08:26","slug":"regiao-serrana-governo-do-estado-caixa-economica-e-prefeitura-de-petropolis-assinam-contrato-para-obras-de-140-moradias-no-bairro-mosela","status":"publish","type":"post","link":"https:\/\/tvc16.com\/portal\/2025\/01\/31\/regiao-serrana-governo-do-estado-caixa-economica-e-prefeitura-de-petropolis-assinam-contrato-para-obras-de-140-moradias-no-bairro-mosela\/","title":{"rendered":"Regi\u00e3o Serrana: Governo do Estado, Caixa Econ\u00f4mica e Prefeitura de Petr\u00f3polis assinam contrato para obras de 140 moradias no bairro Mosela"},"content":{"rendered":"\n<p><em>Investimento \u00e9 de aproximadamente R$\u00a023,5 milh\u00f5es<\/em><\/p>\n\n\n\n<p>O Governo do Estado do Rio de Janeiro, por meio da Secretaria de Habita\u00e7\u00e3o de Interesse Social, em parceria com a Prefeitura de Petr\u00f3polis e a Caixa Econ\u00f4mica Federal, assinou, nesta quinta-feira (30\/01), o contrato que garante a constru\u00e7\u00e3o de 140 novas moradias no bairro Mosela, com um investimento total de aproximadamente &nbsp;R$ 23,5 milh\u00f5es. O valor ser\u00e1 aplicado por meio do Fundo de Arrendamento Residencial (FAR), parte do programa Minha Casa&nbsp;Minha Vida, e vai beneficiar diretamente as fam\u00edlias que foram afetadas pelas trag\u00e9dias ocorridas em 2011.<\/p>\n\n\n\n<p>&#8220;A viabiliza\u00e7\u00e3o deste empreendimento na Mosela \u00e9 um marco hist\u00f3rico. \u00c9 mais dignidade, qualidade de vida e seguran\u00e7a para a popula\u00e7\u00e3o petropolitana. E isso se tornou poss\u00edvel em virtude de uma soma de esfor\u00e7os entre diferentes entes p\u00fablicos&#8221;, afirmou o governador Cl\u00e1udio Castro.\u00a0<\/p>\n\n\n\n<p>Para o secret\u00e1rio de Habita\u00e7\u00e3o de Interesse Social, Bruno Dauaire, estar em Petr\u00f3polis para anunciar a formaliza\u00e7\u00e3o deste sonho \u00e9 muito gratificante. &#8220;A secretaria\u00a0foi respons\u00e1vel por realizar o credenciamento da empresa, que executar\u00e1 as interven\u00e7\u00f5es na Mosela. Ent\u00e3o sabemos exatamente qual \u00e9 a relev\u00e2ncia deste empreendimento para as 140 fam\u00edlias que ser\u00e3o beneficiadas&#8221;,  destacou o secret\u00e1rio.<\/p>\n\n\n\n<p>Durante a cerim\u00f4nia, o prefeito Hingo Hammes, falou sobre a import\u00e2ncia desse projeto para a reconstru\u00e7\u00e3o da vida e da dignidade das v\u00edtimas da trag\u00e9dia. &#8220;Mais do que solenidades, o que realmente importa \u00e9 a entrega das chaves \u00e0s fam\u00edlias que aguardam h\u00e1 mais de 13 anos. A uni\u00e3o entre governo municipal, estadual, Caixa e a empresa respons\u00e1vel demonstra nosso compromisso em transformar essas moradias em realidade. \u00c9 um momento de orgulho para todos n\u00f3s&#8221;, concluiu o prefeito.<\/p>\n\n\n\n<p>Representada pelo superintendente executivo, Pedro Mattoso, a Caixa Econ\u00f4mica Federal refor\u00e7ou seu compromisso em garantir que as obras sejam conclu\u00eddas dentro do cronograma estabelecido, destacando os esfor\u00e7os cont\u00ednuos para o cumprimento dos prazos.<\/p>\n\n\n\n<p><strong>O empreendimento<\/strong><\/p>\n\n\n\n<p>O condom\u00ednio ser\u00e1 constru\u00eddo na Rua Alberto Oliveira e contar\u00e1 com \u00e1reas comuns, de lazer e conviv\u00eancia, como playground, biciclet\u00e1rio e portaria. A Secretaria de Habita\u00e7\u00e3o, em parceria com a Prefeitura de Petr\u00f3polis, ter\u00e1 a incub\u00eancia de fazer a indica\u00e7\u00e3o dos benefici\u00e1rios \u00e0 Caixa Econ\u00f4mica Federal.<\/p>\n","protected":false},"excerpt":{"rendered":"<p>Investimento \u00e9 de aproximadamente R$\u00a023,5 milh\u00f5es O Governo do Estado do Rio de Janeiro, por<\/p>\n","protected":false},"author":2,"featured_media":98354,"comment_status":"open","ping_status":"open","sticky":false,"template":"","format":"standard","meta":{"footnotes":""},"categories":[12],"tags":[],"class_list":["post-98353","post","type-post","status-publish","format-standard","has-post-thumbnail","hentry","category-cidade"],"_links":{"self":[{"href":"https:\/\/tvc16.com\/portal\/wp-json\/wp\/v2\/posts\/98353","targetHints":{"allow":["GET"]}}],"collection":[{"href":"https:\/\/tvc16.com\/portal\/wp-json\/wp\/v2\/posts"}],"about":[{"href":"https:\/\/tvc16.com\/portal\/wp-json\/wp\/v2\/types\/post"}],"author":[{"embeddable":true,"href":"https:\/\/tvc16.com\/portal\/wp-json\/wp\/v2\/users\/2"}],"replies":[{"embeddable":true,"href":"https:\/\/tvc16.com\/portal\/wp-json\/wp\/v2\/comments?post=98353"}],"version-history":[{"count":1,"href":"https:\/\/tvc16.com\/portal\/wp-json\/wp\/v2\/posts\/98353\/revisions"}],"predecessor-version":[{"id":98355,"href":"https:\/\/tvc16.com\/portal\/wp-json\/wp\/v2\/posts\/98353\/revisions\/98355"}],"wp:featuredmedia":[{"embeddable":true,"href":"https:\/\/tvc16.com\/portal\/wp-json\/wp\/v2\/media\/98354"}],"wp:attachment":[{"href":"https:\/\/tvc16.com\/portal\/wp-json\/wp\/v2\/media?parent=98353"}],"wp:term":[{"taxonomy":"category","embeddable":true,"href":"https:\/\/tvc16.com\/portal\/wp-json\/wp\/v2\/categories?post=98353"},{"taxonomy":"post_tag","embeddable":true,"href":"https:\/\/tvc16.com\/portal\/wp-json\/wp\/v2\/tags?post=98353"}],"curies":[{"name":"wp","href":"https:\/\/api.w.org\/{rel}","templated":true}]}}