{"id":9839,"date":"2021-01-23T20:20:24","date_gmt":"2021-01-23T23:20:24","guid":{"rendered":"https:\/\/tvc16.com\/portal\/?p=9839"},"modified":"2021-01-23T20:20:26","modified_gmt":"2021-01-23T23:20:26","slug":"a-campanha-de-vacinacao-contra-a-covid-19-atendeu-neste-sabado-mais-440-pessoas-agora-ja-sao-1209-doses-aplicadas","status":"publish","type":"post","link":"https:\/\/tvc16.com\/portal\/2021\/01\/23\/a-campanha-de-vacinacao-contra-a-covid-19-atendeu-neste-sabado-mais-440-pessoas-agora-ja-sao-1209-doses-aplicadas\/","title":{"rendered":"A Campanha de Vacina\u00e7\u00e3o contra a Covid-19, atendeu neste s\u00e1bado mais 440 pessoas. Agora j\u00e1 s\u00e3o 1209 doses aplicadas"},"content":{"rendered":"\n<p><\/p>\n\n\n\n<p>As equipes de enfermagem estiveram, neste s\u00e1bado (23), em sete institui\u00e7\u00f5es para realizar a vacina\u00e7\u00e3o contra a Covid-19. A a\u00e7\u00e3o foi coordenada pela Vigil\u00e2ncia Sanit\u00e1ria do munic\u00edpio e vacinou 440 pessoas. Ao todo, j\u00e1 foram aplicadas 1.209 doses.<\/p>\n\n\n\n<p>A vacina\u00e7\u00e3o volante foi feita nos hospitais Santa Teresa, Nossa Senhora Aparecida, Alcides Carneiro e Nelson S\u00e1 Earp. As doses tamb\u00e9m foram aplicadas nas institui\u00e7\u00f5es de longa perman\u00eancia: Yolanda Duarte, Comunidade Jesus Menino e Rec\u00edproca Assist\u00eancia. Do total de vacinas aplicadas hoje, 354 foram aplicadas em profissionais de sa\u00fade.<\/p>\n","protected":false},"excerpt":{"rendered":"<p>As equipes de enfermagem estiveram, neste s\u00e1bado (23), em sete institui\u00e7\u00f5es para realizar a vacina\u00e7\u00e3o<\/p>\n","protected":false},"author":2,"featured_media":9840,"comment_status":"open","ping_status":"open","sticky":false,"template":"","format":"standard","meta":{"footnotes":""},"categories":[12],"tags":[],"class_list":["post-9839","post","type-post","status-publish","format-standard","has-post-thumbnail","hentry","category-cidade"],"_links":{"self":[{"href":"https:\/\/tvc16.com\/portal\/wp-json\/wp\/v2\/posts\/9839","targetHints":{"allow":["GET"]}}],"collection":[{"href":"https:\/\/tvc16.com\/portal\/wp-json\/wp\/v2\/posts"}],"about":[{"href":"https:\/\/tvc16.com\/portal\/wp-json\/wp\/v2\/types\/post"}],"author":[{"embeddable":true,"href":"https:\/\/tvc16.com\/portal\/wp-json\/wp\/v2\/users\/2"}],"replies":[{"embeddable":true,"href":"https:\/\/tvc16.com\/portal\/wp-json\/wp\/v2\/comments?post=9839"}],"version-history":[{"count":1,"href":"https:\/\/tvc16.com\/portal\/wp-json\/wp\/v2\/posts\/9839\/revisions"}],"predecessor-version":[{"id":9841,"href":"https:\/\/tvc16.com\/portal\/wp-json\/wp\/v2\/posts\/9839\/revisions\/9841"}],"wp:featuredmedia":[{"embeddable":true,"href":"https:\/\/tvc16.com\/portal\/wp-json\/wp\/v2\/media\/9840"}],"wp:attachment":[{"href":"https:\/\/tvc16.com\/portal\/wp-json\/wp\/v2\/media?parent=9839"}],"wp:term":[{"taxonomy":"category","embeddable":true,"href":"https:\/\/tvc16.com\/portal\/wp-json\/wp\/v2\/categories?post=9839"},{"taxonomy":"post_tag","embeddable":true,"href":"https:\/\/tvc16.com\/portal\/wp-json\/wp\/v2\/tags?post=9839"}],"curies":[{"name":"wp","href":"https:\/\/api.w.org\/{rel}","templated":true}]}}