{"id":984,"date":"2020-09-22T20:19:04","date_gmt":"2020-09-22T20:19:04","guid":{"rendered":"https:\/\/tvc16.com\/portal\/?p=984"},"modified":"2020-09-22T20:19:04","modified_gmt":"2020-09-22T20:19:04","slug":"nesta-terca-feira-dolar-crava-3a-alta-seguida","status":"publish","type":"post","link":"https:\/\/tvc16.com\/portal\/2020\/09\/22\/nesta-terca-feira-dolar-crava-3a-alta-seguida\/","title":{"rendered":"Nesta, ter\u00e7a-feira, d\u00f3lar crava 3\u00aa alta seguida"},"content":{"rendered":"\n<h1 class=\"wp-block-heading\"><\/h1>\n\n\n\n<p>By\u00a0Reuters Staff<\/p>\n\n\n\n<p>S\u00c3O PAULO (Reuters) &#8211; O d\u00f3lar emendou a terceira alta consecutiva nesta ter\u00e7a-feira, quando mais uma vez flertou com a resist\u00eancia de 5,5000 reais, com o mercado abalado por alertas sobre riscos \u00e0 economia dos Estados Unidos em meio a persistentes efeitos da pandemia. A aus\u00eancia de not\u00edcias melhores no plano dom\u00e9stico abriu caminho para o d\u00f3lar seguir o exterior e fechar em alta de mais de 1%. No mercado \u00e0 vista, a cota\u00e7\u00e3o avan\u00e7ou 1,26%, a 5,4682 reais na venda, nova m\u00e1xima desde 31 de agosto (5,4807 reais).O fortalecimento do d\u00f3lar ocorreu na parte da tarde, quando, por volta de 14h, a divisa bateu a m\u00e1xima da sess\u00e3o (de 5,4975 reais, alta de 1,81%). Na m\u00ednima, atingida ainda pela manh\u00e3, caiu a 5,3839 reais (-0,30%).<\/p>\n\n\n\n<p>Por Jos\u00e9 de Castro<\/p>\n","protected":false},"excerpt":{"rendered":"<p>By\u00a0Reuters Staff S\u00c3O PAULO (Reuters) &#8211; O d\u00f3lar emendou a terceira alta consecutiva nesta ter\u00e7a-feira,<\/p>\n","protected":false},"author":2,"featured_media":985,"comment_status":"open","ping_status":"open","sticky":false,"template":"","format":"standard","meta":{"footnotes":""},"categories":[18],"tags":[],"class_list":["post-984","post","type-post","status-publish","format-standard","has-post-thumbnail","hentry","category-economia"],"_links":{"self":[{"href":"https:\/\/tvc16.com\/portal\/wp-json\/wp\/v2\/posts\/984","targetHints":{"allow":["GET"]}}],"collection":[{"href":"https:\/\/tvc16.com\/portal\/wp-json\/wp\/v2\/posts"}],"about":[{"href":"https:\/\/tvc16.com\/portal\/wp-json\/wp\/v2\/types\/post"}],"author":[{"embeddable":true,"href":"https:\/\/tvc16.com\/portal\/wp-json\/wp\/v2\/users\/2"}],"replies":[{"embeddable":true,"href":"https:\/\/tvc16.com\/portal\/wp-json\/wp\/v2\/comments?post=984"}],"version-history":[{"count":1,"href":"https:\/\/tvc16.com\/portal\/wp-json\/wp\/v2\/posts\/984\/revisions"}],"predecessor-version":[{"id":986,"href":"https:\/\/tvc16.com\/portal\/wp-json\/wp\/v2\/posts\/984\/revisions\/986"}],"wp:featuredmedia":[{"embeddable":true,"href":"https:\/\/tvc16.com\/portal\/wp-json\/wp\/v2\/media\/985"}],"wp:attachment":[{"href":"https:\/\/tvc16.com\/portal\/wp-json\/wp\/v2\/media?parent=984"}],"wp:term":[{"taxonomy":"category","embeddable":true,"href":"https:\/\/tvc16.com\/portal\/wp-json\/wp\/v2\/categories?post=984"},{"taxonomy":"post_tag","embeddable":true,"href":"https:\/\/tvc16.com\/portal\/wp-json\/wp\/v2\/tags?post=984"}],"curies":[{"name":"wp","href":"https:\/\/api.w.org\/{rel}","templated":true}]}}