{"id":98415,"date":"2025-02-01T15:38:09","date_gmt":"2025-02-01T18:38:09","guid":{"rendered":"https:\/\/tvc16.com\/portal\/?p=98415"},"modified":"2025-02-01T15:38:11","modified_gmt":"2025-02-01T18:38:11","slug":"petropolis-participa-de-encontro-estadual-para-fortalecer-a-educacao-municipal","status":"publish","type":"post","link":"https:\/\/tvc16.com\/portal\/2025\/02\/01\/petropolis-participa-de-encontro-estadual-para-fortalecer-a-educacao-municipal\/","title":{"rendered":"Petr\u00f3polis participa de encontro estadual para fortalecer a educa\u00e7\u00e3o municipal"},"content":{"rendered":"\n<p>Gestores educacionais de diversos munic\u00edpios do Estado do Rio de Janeiro, incluindo uma representa\u00e7\u00e3o da Secretaria de Educa\u00e7\u00e3o da Prefeitura de Petr\u00f3polis, participaram do encontro de integra\u00e7\u00e3o das redes de ensino, realizado na \u00faltima quinta-feira (30.01), na sede da Secretaria de Estado de Educa\u00e7\u00e3o (Seeduc), no Rio de Janeiro. O evento reuniu autoridades e representantes estaduais para discutir solu\u00e7\u00f5es inovadoras e desafios comuns da educa\u00e7\u00e3o p\u00fablica, refor\u00e7ando o compromisso com a aprendizagem e perman\u00eancia dos estudantes nas escolas.<\/p>\n\n\n\n<p>Durante o encontro, gestores municipais e representantes do governo estadual debateram desafios da gest\u00e3o municipal, estrat\u00e9gias para reduzir a infrequ\u00eancia escolar, abandono e evas\u00e3o, estrutura de apoio t\u00e9cnico para elabora\u00e7\u00e3o de planos municipais de educa\u00e7\u00e3o, compromisso nacional para a alfabetiza\u00e7\u00e3o de crian\u00e7as e ferramentas de gest\u00e3o oferecidas pelo Estado aos munic\u00edpios.<\/p>\n\n\n\n<p>O prefeito Hingo Hammes destacou a import\u00e2ncia do encontro para a troca de experi\u00eancias e alinhamento de estrat\u00e9gias. \u201cA educa\u00e7\u00e3o \u00e9 um dos pilares fundamentais para o desenvolvimento dos munic\u00edpios, e encontros como este permitem que as gest\u00f5es municipais compartilhem boas pr\u00e1ticas, discutam solu\u00e7\u00f5es para os desafios enfrentados e aprimorem suas pol\u00edticas p\u00fablicas. Em Petr\u00f3polis, vamos investir massivamente na qualifica\u00e7\u00e3o dos professores, na melhoria da infraestrutura escolar e na amplia\u00e7\u00e3o do acesso \u00e0 educa\u00e7\u00e3o infantil e fundamental, e essas trocas s\u00e3o fundamentais para fortalecer ainda mais essas iniciativas\u201d, afirmou.<\/p>\n\n\n\n<p>\u201cA possibilidade de acesso a solu\u00e7\u00f5es oferecidas pelo Estado fortalece a capacidade de planejamento dos munic\u00edpios, favorecendo a qualidade do ensino\u201d, disse o secret\u00e1rio de Educa\u00e7\u00e3o, Alexandre Gurgel, que ressaltou o impacto das ferramentas de gest\u00e3o na formula\u00e7\u00e3o de pol\u00edticas educacionais.<\/p>\n","protected":false},"excerpt":{"rendered":"<p>Gestores educacionais de diversos munic\u00edpios do Estado do Rio de Janeiro, incluindo uma representa\u00e7\u00e3o da<\/p>\n","protected":false},"author":2,"featured_media":96474,"comment_status":"open","ping_status":"open","sticky":false,"template":"","format":"standard","meta":{"footnotes":""},"categories":[12],"tags":[],"class_list":["post-98415","post","type-post","status-publish","format-standard","has-post-thumbnail","hentry","category-cidade"],"_links":{"self":[{"href":"https:\/\/tvc16.com\/portal\/wp-json\/wp\/v2\/posts\/98415","targetHints":{"allow":["GET"]}}],"collection":[{"href":"https:\/\/tvc16.com\/portal\/wp-json\/wp\/v2\/posts"}],"about":[{"href":"https:\/\/tvc16.com\/portal\/wp-json\/wp\/v2\/types\/post"}],"author":[{"embeddable":true,"href":"https:\/\/tvc16.com\/portal\/wp-json\/wp\/v2\/users\/2"}],"replies":[{"embeddable":true,"href":"https:\/\/tvc16.com\/portal\/wp-json\/wp\/v2\/comments?post=98415"}],"version-history":[{"count":1,"href":"https:\/\/tvc16.com\/portal\/wp-json\/wp\/v2\/posts\/98415\/revisions"}],"predecessor-version":[{"id":98416,"href":"https:\/\/tvc16.com\/portal\/wp-json\/wp\/v2\/posts\/98415\/revisions\/98416"}],"wp:featuredmedia":[{"embeddable":true,"href":"https:\/\/tvc16.com\/portal\/wp-json\/wp\/v2\/media\/96474"}],"wp:attachment":[{"href":"https:\/\/tvc16.com\/portal\/wp-json\/wp\/v2\/media?parent=98415"}],"wp:term":[{"taxonomy":"category","embeddable":true,"href":"https:\/\/tvc16.com\/portal\/wp-json\/wp\/v2\/categories?post=98415"},{"taxonomy":"post_tag","embeddable":true,"href":"https:\/\/tvc16.com\/portal\/wp-json\/wp\/v2\/tags?post=98415"}],"curies":[{"name":"wp","href":"https:\/\/api.w.org\/{rel}","templated":true}]}}