{"id":9842,"date":"2021-01-23T20:24:18","date_gmt":"2021-01-23T23:24:18","guid":{"rendered":"https:\/\/tvc16.com\/portal\/?p=9842"},"modified":"2021-01-23T20:24:20","modified_gmt":"2021-01-23T23:24:20","slug":"nova-operacao-choque-de-ordem-realizada-em-petropolis-visa-conter-aglomeracoes-e-evitar-a-disseminacao-do-coronavirus","status":"publish","type":"post","link":"https:\/\/tvc16.com\/portal\/2021\/01\/23\/nova-operacao-choque-de-ordem-realizada-em-petropolis-visa-conter-aglomeracoes-e-evitar-a-disseminacao-do-coronavirus\/","title":{"rendered":"Nova Opera\u00e7\u00e3o &#8220;Choque de Ordem&#8221; realizada, em Petr\u00f3polis, visa conter aglomera\u00e7\u00f5es e evitar a dissemina\u00e7\u00e3o do coronav\u00edrus"},"content":{"rendered":"\n<p>As pessoas foram orientadas sobre o uso de m\u00e1scaras e cumprimento dos decretos.<br>Desde o in\u00edcio da noite de sexta-feira (22) at\u00e9 o come\u00e7o da madrugada deste s\u00e1bado (23), equipes da Secretaria de Servi\u00e7os, Seguran\u00e7a e Ordem P\u00fablica (SSOP &#8211; Posturas e Guarda Municipal) e Vigil\u00e2ncia Sanit\u00e1ria estiveram em pontos da cidade com hist\u00f3rico de aglomera\u00e7\u00f5es para fiscalizar o cumprimento dos decretos municipais de preven\u00e7\u00e3o ao coronav\u00edrus e orientar as pessoas sobre o distanciamento social e uso obrigat\u00f3rio de m\u00e1scaras. A a\u00e7\u00e3o ainda contou com o apoio da Pol\u00edcia Militar e da CPTrans, que ajudaram na organiza\u00e7\u00e3o do tr\u00e2nsito e na fiscaliza\u00e7\u00e3o de estacionamento irregular.<\/p>\n\n\n\n<p><\/p>\n\n\n\n<figure class=\"wp-block-image size-large\"><img loading=\"lazy\" decoding=\"async\" width=\"1024\" height=\"768\" src=\"https:\/\/tvc16.com\/portal\/wp-content\/uploads\/2021\/01\/IMG-20210123-WA0046-1024x768.jpg\" alt=\"\" class=\"wp-image-9844\" srcset=\"https:\/\/tvc16.com\/portal\/wp-content\/uploads\/2021\/01\/IMG-20210123-WA0046-1024x768.jpg 1024w, https:\/\/tvc16.com\/portal\/wp-content\/uploads\/2021\/01\/IMG-20210123-WA0046-300x225.jpg 300w, https:\/\/tvc16.com\/portal\/wp-content\/uploads\/2021\/01\/IMG-20210123-WA0046-768x576.jpg 768w, https:\/\/tvc16.com\/portal\/wp-content\/uploads\/2021\/01\/IMG-20210123-WA0046-200x150.jpg 200w, https:\/\/tvc16.com\/portal\/wp-content\/uploads\/2021\/01\/IMG-20210123-WA0046.jpg 1280w\" sizes=\"auto, (max-width: 1024px) 100vw, 1024px\" \/><\/figure>\n\n\n\n<p>Duas equipes realizaram a\u00e7\u00f5es de combate \u00e0 covid-19 e \u00e0s aglomera\u00e7\u00f5es na Rua 13 de Maio, Pra\u00e7a da Liberdade e Pra\u00e7a Princesa Isabel. Na Rua, 13 de Maio, os frequentadores do local e comerciantes foram orientados pelas equipes sobre os cuidados de preven\u00e7\u00e3o \u00e0 doen\u00e7a, sendo os estabelecimentos obrigados a fechar \u00e0 meia-noite. No bairro Carangola, as equipes estiveram em bares alertando sobre medidas preventivas \u00e0 doen\u00e7a. Tamb\u00e9m houve a\u00e7\u00f5es em Nogueira e Corr\u00eaas.<\/p>\n\n\n\n<p>Equipes da Comdep tamb\u00e9m trabalharam na madrugada para garantir a limpeza de locais em que vinham sendo verificados problemas. Na Pra\u00e7a Princesa Isabel por exemplo, j\u00e1 durante a madrugada equipes fizeram a limpeza, deixando o espa\u00e7o preparado para receber os participantes da feira da economia solid\u00e1ria, realizada no local aos s\u00e1bados.<\/p>\n","protected":false},"excerpt":{"rendered":"<p>As pessoas foram orientadas sobre o uso de m\u00e1scaras e cumprimento dos decretos.Desde o in\u00edcio<\/p>\n","protected":false},"author":2,"featured_media":9843,"comment_status":"open","ping_status":"open","sticky":false,"template":"","format":"standard","meta":{"footnotes":""},"categories":[12],"tags":[],"class_list":["post-9842","post","type-post","status-publish","format-standard","has-post-thumbnail","hentry","category-cidade"],"_links":{"self":[{"href":"https:\/\/tvc16.com\/portal\/wp-json\/wp\/v2\/posts\/9842","targetHints":{"allow":["GET"]}}],"collection":[{"href":"https:\/\/tvc16.com\/portal\/wp-json\/wp\/v2\/posts"}],"about":[{"href":"https:\/\/tvc16.com\/portal\/wp-json\/wp\/v2\/types\/post"}],"author":[{"embeddable":true,"href":"https:\/\/tvc16.com\/portal\/wp-json\/wp\/v2\/users\/2"}],"replies":[{"embeddable":true,"href":"https:\/\/tvc16.com\/portal\/wp-json\/wp\/v2\/comments?post=9842"}],"version-history":[{"count":1,"href":"https:\/\/tvc16.com\/portal\/wp-json\/wp\/v2\/posts\/9842\/revisions"}],"predecessor-version":[{"id":9845,"href":"https:\/\/tvc16.com\/portal\/wp-json\/wp\/v2\/posts\/9842\/revisions\/9845"}],"wp:featuredmedia":[{"embeddable":true,"href":"https:\/\/tvc16.com\/portal\/wp-json\/wp\/v2\/media\/9843"}],"wp:attachment":[{"href":"https:\/\/tvc16.com\/portal\/wp-json\/wp\/v2\/media?parent=9842"}],"wp:term":[{"taxonomy":"category","embeddable":true,"href":"https:\/\/tvc16.com\/portal\/wp-json\/wp\/v2\/categories?post=9842"},{"taxonomy":"post_tag","embeddable":true,"href":"https:\/\/tvc16.com\/portal\/wp-json\/wp\/v2\/tags?post=9842"}],"curies":[{"name":"wp","href":"https:\/\/api.w.org\/{rel}","templated":true}]}}