{"id":98420,"date":"2025-02-01T08:44:04","date_gmt":"2025-02-01T11:44:04","guid":{"rendered":"https:\/\/tvc16.com\/portal\/?p=98420"},"modified":"2025-02-01T08:44:26","modified_gmt":"2025-02-01T11:44:26","slug":"gas-natural-fica-mais-barato-a-partir-deste-sabado","status":"publish","type":"post","link":"https:\/\/tvc16.com\/portal\/2025\/02\/01\/gas-natural-fica-mais-barato-a-partir-deste-sabado\/","title":{"rendered":"G\u00e1s natural fica mais barato a partir deste s\u00e1bado"},"content":{"rendered":"\n<p><em>Pre\u00e7o ter\u00e1 redu\u00e7\u00e3o m\u00e9dia de 1% para as distribuidoras<\/em><\/p>\n\n\n\n<p>Por Bruno Bocchini \u2013 Rep\u00f3rter da Ag\u00eancia Brasil \/ Foto: Ag\u00eancia Petrobras<\/p>\n\n\n\n<p><\/p>\n\n\n\n<p>O g\u00e1s natural ficar\u00e1 mais barato a partir deste s\u00e1bado (1\u00ba), informou a presidente da Petrobras, Magda Chambriard. De acordo com a executiva, o pre\u00e7o do g\u00e1s natural ter\u00e1 redu\u00e7\u00e3o m\u00e9dia de 1% para as distribuidoras em rela\u00e7\u00e3o ao trimestre anterior.&nbsp;<img decoding=\"async\" src=\"https:\/\/agenciabrasil.ebc.com.br\/ebc.png?id=1628707&amp;o=node\"><img decoding=\"async\" src=\"https:\/\/agenciabrasil.ebc.com.br\/ebc.gif?id=1628707&amp;o=node\"><\/p>\n\n\n\n<p>Magda Chambriard destacou que o pre\u00e7o do produto teve redu\u00e7\u00e3o m\u00e9dia de 23% desde dezembro de 2022.<\/p>\n\n\n\n<p>\u201cEm fun\u00e7\u00e3o das regras de reajustes previstas nos contratos com as distribuidoras, haver\u00e1 a partir de 1\u00ba de fevereiro uma redu\u00e7\u00e3o m\u00e9dia de 1% nos pre\u00e7os de venda da mol\u00e9cula de g\u00e1s natural, em rela\u00e7\u00e3o ao trimestre anterior\u201d, disse nas redes sociais.<\/p>\n\n\n\n<p>\u201cDesde dezembro de 2022, o pre\u00e7o m\u00e9dio da mol\u00e9cula vendida \u00e0s distribuidoras acumula uma redu\u00e7\u00e3o de at\u00e9 23%, incluindo os efeitos da redu\u00e7\u00e3o de 1% em fevereiro de 2025\u201d, acrescentou a presidente da Petrobras.<\/p>\n\n\n\n<h2 class=\"wp-block-heading\">Consumidor<\/h2>\n\n\n\n<p>De acordo com a Petrobras, o pre\u00e7o final do g\u00e1s natural ao consumidor n\u00e3o \u00e9 determinado apenas pelo valor de venda pela companhia, mas tamb\u00e9m pelo custo do transporte at\u00e9 a distribuidora, pelo portf\u00f3lio de suprimento de cada distribuidora, assim como por suas margens e pelos tributos federais e estaduais. No caso do g\u00e1s natural veicular (GNV), est\u00e3o inclu\u00eddos tamb\u00e9m os custos dos postos de revenda.<\/p>\n\n\n\n<p>A companhia destacou ainda que o ajuste do dia 1\u00ba n\u00e3o se refere ao pre\u00e7o do g\u00e1s de cozinha (GLP), envasado em botij\u00f5es ou vendido a granel.<br><br><\/p>\n","protected":false},"excerpt":{"rendered":"<p>Pre\u00e7o ter\u00e1 redu\u00e7\u00e3o m\u00e9dia de 1% para as distribuidoras Por Bruno Bocchini \u2013 Rep\u00f3rter da<\/p>\n","protected":false},"author":2,"featured_media":98421,"comment_status":"open","ping_status":"open","sticky":false,"template":"","format":"standard","meta":{"footnotes":""},"categories":[17],"tags":[],"class_list":["post-98420","post","type-post","status-publish","format-standard","has-post-thumbnail","hentry","category-outras-noticias"],"_links":{"self":[{"href":"https:\/\/tvc16.com\/portal\/wp-json\/wp\/v2\/posts\/98420","targetHints":{"allow":["GET"]}}],"collection":[{"href":"https:\/\/tvc16.com\/portal\/wp-json\/wp\/v2\/posts"}],"about":[{"href":"https:\/\/tvc16.com\/portal\/wp-json\/wp\/v2\/types\/post"}],"author":[{"embeddable":true,"href":"https:\/\/tvc16.com\/portal\/wp-json\/wp\/v2\/users\/2"}],"replies":[{"embeddable":true,"href":"https:\/\/tvc16.com\/portal\/wp-json\/wp\/v2\/comments?post=98420"}],"version-history":[{"count":1,"href":"https:\/\/tvc16.com\/portal\/wp-json\/wp\/v2\/posts\/98420\/revisions"}],"predecessor-version":[{"id":98422,"href":"https:\/\/tvc16.com\/portal\/wp-json\/wp\/v2\/posts\/98420\/revisions\/98422"}],"wp:featuredmedia":[{"embeddable":true,"href":"https:\/\/tvc16.com\/portal\/wp-json\/wp\/v2\/media\/98421"}],"wp:attachment":[{"href":"https:\/\/tvc16.com\/portal\/wp-json\/wp\/v2\/media?parent=98420"}],"wp:term":[{"taxonomy":"category","embeddable":true,"href":"https:\/\/tvc16.com\/portal\/wp-json\/wp\/v2\/categories?post=98420"},{"taxonomy":"post_tag","embeddable":true,"href":"https:\/\/tvc16.com\/portal\/wp-json\/wp\/v2\/tags?post=98420"}],"curies":[{"name":"wp","href":"https:\/\/api.w.org\/{rel}","templated":true}]}}