{"id":98426,"date":"2025-02-01T09:55:52","date_gmt":"2025-02-01T12:55:52","guid":{"rendered":"https:\/\/tvc16.com\/portal\/?p=98426"},"modified":"2025-02-01T09:55:53","modified_gmt":"2025-02-01T12:55:53","slug":"secretario-do-ambiente-bernardo-rossi-acompanha-formacao-de-guarda-parques-em-guapimirim","status":"publish","type":"post","link":"https:\/\/tvc16.com\/portal\/2025\/02\/01\/secretario-do-ambiente-bernardo-rossi-acompanha-formacao-de-guarda-parques-em-guapimirim\/","title":{"rendered":"Secret\u00e1rio do Ambiente Bernardo Rossi, acompanha forma\u00e7\u00e3o de Guarda-Parques em Guapimirim"},"content":{"rendered":"\n<p>Treinamento visa preparar 137novos integrantes que refor\u00e7am a prote\u00e7\u00e3o a 39 Unidades de Conserva\u00e7\u00e3o do Estado<\/p>\n\n\n\n<p>Unidades de Conserva\u00e7\u00e3o do estado est\u00e3o recebendo um importante refor\u00e7o no efetivo de guarda-paques,que atuam nas 39 unidades administradas pelo Instituto Estadual do Ambiente \u2013 Inea. S\u00e3o 137 novos integrantes, que chegam, aumentando para 300 o efetivo da tropa &#8211; fundamental na prote\u00e7\u00e3o e cuidado das \u00e1reas de preserva\u00e7\u00e3o permanente sob responsabilidade do estado. O Secret\u00e1rio de Estado do Ambiente e Sustentabilidade, Bernardo Rossi, destaca que a preserva\u00e7\u00e3o ambiental tem prioridade na gest\u00e3o do governador Cl\u00e1udio Castro. Bernardo esteve na manh\u00e3 desta sexta-feira (31.01) no Parque estadual dos Tr\u00eas Picos, em Guapimirim, acompanhando o Curso de Forma\u00e7\u00e3o de Guarda-parque do Estado do Rio de Janeiro.<\/p>\n\n\n\n<ul class=\"wp-block-list\">\n<li>\u00c9 um treinamento fundamental para preparar estes novos integrantes que est\u00e3o chegando e que ir\u00e3o refor\u00e7ar o nosso efetivo. Os guarda-parque tem um papel fundamental na prote\u00e7\u00e3o destas \u00e1reas que s\u00e3o j\u00f3ias para o estado. Eles guardam as nossas florestas com toda sua fauna, flora e uma biodiversidade de valor incalcul\u00e1vel. O cuidado e a prote\u00e7\u00e3o do patrim\u00f4nio ambiental do nosso estado \u00e9 uma determina\u00e7\u00e3o do governador Cl\u00e1udio Castro. E o preparo do nosso efetivo \u00e9 um passo crucial neste sentido \u2013 destaca o secret\u00e1rio Bernardo Rossi.<\/li>\n<\/ul>\n\n\n\n<p>O secret\u00e1rio assinala o investimento de R$ 1,4 milh\u00e3o para compra de equipamentos para combate a inc\u00eandio, cuja entrega ser\u00e1 feita at\u00e9 o final de fevereiro. Foram adquiridos coturnos; capacetes, macac\u00f5es, blusas e uniformes novos, incluindo camisas de prote\u00e7\u00e3o. Os materiais ser\u00e3o entregues antes da formatura das turmas, prevista para mar\u00e7o.<\/p>\n\n\n\n<ul class=\"wp-block-list\">\n<li>A entrega destes equipamentos mostra a preocupa\u00e7\u00e3o da Secretaria com os guarda- parques e nos d\u00e1 a condi\u00e7\u00e3o de estarmos preparados para atuar de forma segura na prote\u00e7\u00e3o das Unidades de Conserva\u00e7\u00e3o &#8211; afirma o coordenador do Programa Fuma\u00e7a Zero, Major Israel.<\/li>\n<\/ul>\n\n\n\n<p>A turma que encerra a semana de treinamento nesta sexta, e \u00e9 a primeira de um total de tr\u00eas. Ao todo 137 novos integrantes da corpora\u00e7\u00e3o ser\u00e3o capacitados.<\/p>\n\n\n\n<ul class=\"wp-block-list\">\n<li>Teremos outra turma iniciando o treinamento na segunda-feira (3.02), outra no dia 10. Ao todo s\u00e3o 137 novos guarda-parques que est\u00e3o chegando. Com a forma\u00e7\u00e3o destas turmas, o Inea passa a contar com um efetivo de cerca de 300 guarda-parques. Importante lembrar que, ap\u00f3s o treinamento dos novos integrantes, os guarda parques que tem mais de 2 anos de atividades, tamb\u00e9m passar\u00e3o por cursos de atualiza\u00e7\u00e3o &#8211; explica o gerente de Guarda Parques, Djalma Januzzi.<\/li>\n<\/ul>\n\n\n\n<p>A turma que est\u00e1 concluindo o treinamento pr\u00e1tico &#8211; com uma semana de imers\u00e3o em atividades &#8211; \u00e9 composta por 47 alunos. Nesta sexta eles participaram de uma oficina de combate a inc\u00eandio florestal e sobreviv\u00eancia. Ao longo da semana outras atividades foram desenvolvidas, como o treinamento sobre opera\u00e7\u00f5es a\u00e9reas.<\/p>\n\n\n\n<p>Antes do aprendizado pr\u00e1tico os alunos passaram por um curso online com 16 mat\u00e9rias, 94 horas\/aula e passaram por uma prova. Todas as turmas passam pela imers\u00e3o de uma semana em regime de internato, com atividades e treinamentos pr\u00e1ticos. Ao todo s\u00e3o cerca de 200horas de curso.<\/p>\n\n\n\n<ul class=\"wp-block-list\">\n<li>Com esta forma\u00e7\u00e3o eles v\u00e3o estar aptos a todas as atividades que o guarda-parque precisa realizar, inclusive o combate a inc\u00eandios. \u00c9 um preparo importante para a prote\u00e7\u00e3o das nossas Unidades de Conserva\u00e7\u00e3o e tamb\u00e9m para a seguran\u00e7a deles durante as a\u00e7\u00f5es \u2013 assinala o secret\u00e1rio Bernardo Rossi.<\/li>\n<\/ul>\n","protected":false},"excerpt":{"rendered":"<p>Treinamento visa preparar 137novos integrantes que refor\u00e7am a prote\u00e7\u00e3o a 39 Unidades de Conserva\u00e7\u00e3o do<\/p>\n","protected":false},"author":2,"featured_media":98427,"comment_status":"open","ping_status":"open","sticky":false,"template":"","format":"standard","meta":{"footnotes":""},"categories":[17],"tags":[],"class_list":["post-98426","post","type-post","status-publish","format-standard","has-post-thumbnail","hentry","category-outras-noticias"],"_links":{"self":[{"href":"https:\/\/tvc16.com\/portal\/wp-json\/wp\/v2\/posts\/98426","targetHints":{"allow":["GET"]}}],"collection":[{"href":"https:\/\/tvc16.com\/portal\/wp-json\/wp\/v2\/posts"}],"about":[{"href":"https:\/\/tvc16.com\/portal\/wp-json\/wp\/v2\/types\/post"}],"author":[{"embeddable":true,"href":"https:\/\/tvc16.com\/portal\/wp-json\/wp\/v2\/users\/2"}],"replies":[{"embeddable":true,"href":"https:\/\/tvc16.com\/portal\/wp-json\/wp\/v2\/comments?post=98426"}],"version-history":[{"count":1,"href":"https:\/\/tvc16.com\/portal\/wp-json\/wp\/v2\/posts\/98426\/revisions"}],"predecessor-version":[{"id":98428,"href":"https:\/\/tvc16.com\/portal\/wp-json\/wp\/v2\/posts\/98426\/revisions\/98428"}],"wp:featuredmedia":[{"embeddable":true,"href":"https:\/\/tvc16.com\/portal\/wp-json\/wp\/v2\/media\/98427"}],"wp:attachment":[{"href":"https:\/\/tvc16.com\/portal\/wp-json\/wp\/v2\/media?parent=98426"}],"wp:term":[{"taxonomy":"category","embeddable":true,"href":"https:\/\/tvc16.com\/portal\/wp-json\/wp\/v2\/categories?post=98426"},{"taxonomy":"post_tag","embeddable":true,"href":"https:\/\/tvc16.com\/portal\/wp-json\/wp\/v2\/tags?post=98426"}],"curies":[{"name":"wp","href":"https:\/\/api.w.org\/{rel}","templated":true}]}}