{"id":98429,"date":"2025-02-01T13:05:24","date_gmt":"2025-02-01T16:05:24","guid":{"rendered":"https:\/\/tvc16.com\/portal\/?p=98429"},"modified":"2025-02-01T14:24:49","modified_gmt":"2025-02-01T17:24:49","slug":"moradores-do-vale-do-cuiaba-protestam-contra-a-turp-neste-sabado","status":"publish","type":"post","link":"https:\/\/tvc16.com\/portal\/2025\/02\/01\/moradores-do-vale-do-cuiaba-protestam-contra-a-turp-neste-sabado\/","title":{"rendered":"Moradores do Vale do Cuiab\u00e1 protestam contra a Turp neste s\u00e1bado"},"content":{"rendered":"\n<p>Na manh\u00e3 deste s\u00e1bado (1), moradores da regi\u00e3o do Vale do Cuiab\u00e1, em Petr\u00f3polis, se reuniram para manifestar contra a empresa Turp Transportes. De acordo com os manifestantes, os moradores que dependem diariamente do transporte p\u00fablico, sofrem com atrasos e quebras constantes.<\/p>\n\n\n\n<p>Os coletivos que atendem a regi\u00e3o s\u00e3o os que fazem as linhas 705 &#8211; Cuiab\u00e1 e 710 &#8211; Boa Esperan\u00e7a. Os moradores afirmam que, desde a pandemia, os hor\u00e1rios dos \u00f4nibus se tornaram cada vez mais espa\u00e7ados, chegando a ter um intervalo de 2 horas entre a sa\u00edda dos coletivos. Sem contar com as quebras constantes e atrasos registrados.<\/p>\n\n\n\n<p>\u201cSe a gente tiver que chegar no trabalho 8, a gente tem que pegar o \u00f4nibus de 5h30, pelo menos\u201d, disse uma moradora que preferiu n\u00e3o se identificar.<\/p>\n\n\n\n<p>Um dos moradores da regi\u00e3o, Emerson Carvalho,&nbsp;&nbsp;disse que a popula\u00e7\u00e3o fez um levantamento de quebras s\u00f3 do m\u00eas de janeiro. \u201cHoje n\u00f3s travamos o \u00f4nibus que desceria do Cuiab\u00e1 \u00e0s 8h10, para manifestarmos. Toda semana esse \u00f4nibus quebra. J\u00e1 contamos mais ou menos 20 quebras s\u00f3 nesse m\u00eas de janeiro. Os moradores nunca sabem se v\u00e3o conseguir voltar pra casa e nem que horas\u201d, afirmou ele.<\/p>\n\n\n\n<p>Segundo os moradores, esses coletivos que apresentam quebrar foram comprados pela Turp de uma outra empresa na cidade de Cabo Frio. \u201cOs \u00f4nibus quebram assim porque j\u00e1 rodavam em Cabo Frio e n\u00e3o foram feitos pra rodar em subida, s\u00f3 na reta\u201d, afirmou Emerson.<\/p>\n\n\n\n<p>Nesta semana, os moradores se reuniram com um dos inspetores da Turp e entregaram of\u00edcios que, inclusive, j\u00e1 haviam sido entregues para outros representantes da empresa em setembro do ano passado. De acordo com os moradores, desde ent\u00e3o, eles seguem sem retorno.<\/p>\n\n\n\n<p>Em nota, a Turp Transporte informou que est\u00e1, h\u00e1 alguns dias, em di\u00e1logo com um representante da regi\u00e3o, para efetivar mais ajustes na opera\u00e7\u00e3o, al\u00e9m das melhorias j\u00e1 realizadas. A empresa informou ainda que j\u00e1 trabalha na realoca\u00e7\u00e3o de ve\u00edculos que possam atender, com mais efici\u00eancia a localidade, levando em considera\u00e7\u00e3o todas as dificuldades vi\u00e1rias. Por fim, a Turp Transporte informou que est\u00e1\u00a0\u00a0elaborando ajustes na programa\u00e7\u00e3o de hor\u00e1rios, mediante an\u00e1lise t\u00e9cnica e de demanda e continuar\u00e1 mantendo o di\u00e1logo aberto com a comunidade, de forma permanente.<\/p>\n\n\n\n<p><\/p>\n","protected":false},"excerpt":{"rendered":"<p>Na manh\u00e3 deste s\u00e1bado (1), moradores da regi\u00e3o do Vale do Cuiab\u00e1, em Petr\u00f3polis, se<\/p>\n","protected":false},"author":2,"featured_media":98430,"comment_status":"open","ping_status":"open","sticky":false,"template":"","format":"standard","meta":{"footnotes":""},"categories":[12],"tags":[],"class_list":["post-98429","post","type-post","status-publish","format-standard","has-post-thumbnail","hentry","category-cidade"],"_links":{"self":[{"href":"https:\/\/tvc16.com\/portal\/wp-json\/wp\/v2\/posts\/98429","targetHints":{"allow":["GET"]}}],"collection":[{"href":"https:\/\/tvc16.com\/portal\/wp-json\/wp\/v2\/posts"}],"about":[{"href":"https:\/\/tvc16.com\/portal\/wp-json\/wp\/v2\/types\/post"}],"author":[{"embeddable":true,"href":"https:\/\/tvc16.com\/portal\/wp-json\/wp\/v2\/users\/2"}],"replies":[{"embeddable":true,"href":"https:\/\/tvc16.com\/portal\/wp-json\/wp\/v2\/comments?post=98429"}],"version-history":[{"count":2,"href":"https:\/\/tvc16.com\/portal\/wp-json\/wp\/v2\/posts\/98429\/revisions"}],"predecessor-version":[{"id":98433,"href":"https:\/\/tvc16.com\/portal\/wp-json\/wp\/v2\/posts\/98429\/revisions\/98433"}],"wp:featuredmedia":[{"embeddable":true,"href":"https:\/\/tvc16.com\/portal\/wp-json\/wp\/v2\/media\/98430"}],"wp:attachment":[{"href":"https:\/\/tvc16.com\/portal\/wp-json\/wp\/v2\/media?parent=98429"}],"wp:term":[{"taxonomy":"category","embeddable":true,"href":"https:\/\/tvc16.com\/portal\/wp-json\/wp\/v2\/categories?post=98429"},{"taxonomy":"post_tag","embeddable":true,"href":"https:\/\/tvc16.com\/portal\/wp-json\/wp\/v2\/tags?post=98429"}],"curies":[{"name":"wp","href":"https:\/\/api.w.org\/{rel}","templated":true}]}}