{"id":98456,"date":"2025-02-02T08:02:23","date_gmt":"2025-02-02T11:02:23","guid":{"rendered":"https:\/\/tvc16.com\/portal\/?p=98456"},"modified":"2025-02-02T08:02:30","modified_gmt":"2025-02-02T11:02:30","slug":"nova-mesa-diretora-do-senado-e-eleita-por-aclamacao","status":"publish","type":"post","link":"https:\/\/tvc16.com\/portal\/2025\/02\/02\/nova-mesa-diretora-do-senado-e-eleita-por-aclamacao\/","title":{"rendered":"Nova Mesa Diretora do Senado \u00e9 eleita por aclama\u00e7\u00e3o"},"content":{"rendered":"\n<p><em>Candidatos de chapa \u00fanica v\u00e3o formar nova Mesa no bi\u00eanio 2025-2026<\/em><\/p>\n\n\n\n<p>Por Paula Laboissi\u00e8re &#8211; Rep\u00f3rter da Ag\u00eancia Brasil* \/ Foto: Ant\u00f4nio Cruz\/ Ag\u00eancia Brasil<\/p>\n\n\n\n<p><\/p>\n\n\n\n<p>Ap\u00f3s eleger o senador Davi Alcolumbre (Uni\u00e3o Brasil-AP) para a presid\u00eancia da Casa, o Senado&nbsp;elegeu, por aclama\u00e7\u00e3o, os candidatos da chapa \u00fanica para a Mesa Diretora no bi\u00eanio 2025-2026. Confira, a seguir, a lista de senadores.<img decoding=\"async\" src=\"https:\/\/agenciabrasil.ebc.com.br\/ebc.png?id=1628777&amp;o=node\"><img decoding=\"async\" src=\"https:\/\/agenciabrasil.ebc.com.br\/ebc.gif?id=1628777&amp;o=node\"><\/p>\n\n\n\n<p>&#8211; Primeira-Vice-Presid\u00eancia: Eduardo Gomes (PL-TO)<\/p>\n\n\n\n<p>&#8211; Segunda-Vice-Presid\u00eancia: Humberto Costa (PT-PE)<\/p>\n\n\n\n<p>&#8211; Primeira-Secretaria: Daniella Ribeiro (PSD-PB)&nbsp;<\/p>\n\n\n\n<p>&#8211; Segunda-Secretaria: Conf\u00facio Moura (MDB-RO)<\/p>\n\n\n\n<p>&#8211; Terceira-Secretaria: Ana Paula Lobato (PDT-MA)<\/p>\n\n\n\n<p>&#8211; Quarta-Secretaria: La\u00e9rcio Oliveira (PP-SE)<\/p>\n\n\n\n<p>Durante a reuni\u00e3o preparat\u00f3ria, tamb\u00e9m foram definidos os senadores suplentes.<\/p>\n\n\n\n<p>&#8211; Chico Rodrigues (PSB-RR)<\/p>\n\n\n\n<p>&#8211; Mecias de Jesus (Republicanos-RR)<\/p>\n\n\n\n<p>&#8211; Styvenson Valentim (PSDB-RN)<\/p>\n\n\n\n<p>&#8211; Soraya Thronicke (Podemos-MS)<\/p>\n\n\n\n<p>Abertura do ano legislativo<\/p>\n\n\n\n<p>No encerramento da reuni\u00e3o preparat\u00f3ria, Alcolumbre convocou, para a pr\u00f3xima segunda-feira (3), \u00e0s 16h, sess\u00e3o solene do Congresso Nacional, no plen\u00e1rio da C\u00e2mara dos Deputados, para inaugurar a terceira sess\u00e3o legislativa ordin\u00e1ria da 57\u00aa legislatura.<\/p>\n\n\n\n<p>O novo presidente do Senado tamb\u00e9m informou&nbsp;que as indica\u00e7\u00f5es para lideran\u00e7as partid\u00e1rias devem ser feitas na retomada dos trabalhos da Casa.<\/p>\n\n\n\n<p><em>*Com informa\u00e7\u00f5es da Ag\u00eancia Senado<\/em><\/p>\n\n\n\n<p><\/p>\n\n\n\n<p><br><br><\/p>\n","protected":false},"excerpt":{"rendered":"<p>Candidatos de chapa \u00fanica v\u00e3o formar nova Mesa no bi\u00eanio 2025-2026 Por Paula Laboissi\u00e8re &#8211;<\/p>\n","protected":false},"author":2,"featured_media":98457,"comment_status":"open","ping_status":"open","sticky":false,"template":"","format":"standard","meta":{"footnotes":""},"categories":[17],"tags":[],"class_list":["post-98456","post","type-post","status-publish","format-standard","has-post-thumbnail","hentry","category-outras-noticias"],"_links":{"self":[{"href":"https:\/\/tvc16.com\/portal\/wp-json\/wp\/v2\/posts\/98456","targetHints":{"allow":["GET"]}}],"collection":[{"href":"https:\/\/tvc16.com\/portal\/wp-json\/wp\/v2\/posts"}],"about":[{"href":"https:\/\/tvc16.com\/portal\/wp-json\/wp\/v2\/types\/post"}],"author":[{"embeddable":true,"href":"https:\/\/tvc16.com\/portal\/wp-json\/wp\/v2\/users\/2"}],"replies":[{"embeddable":true,"href":"https:\/\/tvc16.com\/portal\/wp-json\/wp\/v2\/comments?post=98456"}],"version-history":[{"count":1,"href":"https:\/\/tvc16.com\/portal\/wp-json\/wp\/v2\/posts\/98456\/revisions"}],"predecessor-version":[{"id":98458,"href":"https:\/\/tvc16.com\/portal\/wp-json\/wp\/v2\/posts\/98456\/revisions\/98458"}],"wp:featuredmedia":[{"embeddable":true,"href":"https:\/\/tvc16.com\/portal\/wp-json\/wp\/v2\/media\/98457"}],"wp:attachment":[{"href":"https:\/\/tvc16.com\/portal\/wp-json\/wp\/v2\/media?parent=98456"}],"wp:term":[{"taxonomy":"category","embeddable":true,"href":"https:\/\/tvc16.com\/portal\/wp-json\/wp\/v2\/categories?post=98456"},{"taxonomy":"post_tag","embeddable":true,"href":"https:\/\/tvc16.com\/portal\/wp-json\/wp\/v2\/tags?post=98456"}],"curies":[{"name":"wp","href":"https:\/\/api.w.org\/{rel}","templated":true}]}}