{"id":98459,"date":"2025-02-03T08:38:00","date_gmt":"2025-02-03T11:38:00","guid":{"rendered":"https:\/\/tvc16.com\/portal\/?p=98459"},"modified":"2025-02-02T08:39:39","modified_gmt":"2025-02-02T11:39:39","slug":"coral-de-petropolis-volta-as-atividades-e-abre-inscricoes-para-novos-cantores","status":"publish","type":"post","link":"https:\/\/tvc16.com\/portal\/2025\/02\/03\/coral-de-petropolis-volta-as-atividades-e-abre-inscricoes-para-novos-cantores\/","title":{"rendered":"Coral de Petr\u00f3polis volta \u00e0s atividades e abre inscri\u00e7\u00f5es para novos cantores"},"content":{"rendered":"\n<p>Depois de um breve per\u00edodo de descanso, o Coral de Petr\u00f3polis retomar\u00e1 suas atividades e ensaios na pr\u00f3xima segunda-feira, dia 03 de fevereiro, com a convoca\u00e7\u00e3o para sele\u00e7\u00e3o de novos cantores. A proposta do Coral \u00e9 abrir inscri\u00e7\u00f5es para maiores de 18 anos de ambos os sexos, mas com a prioridade para a incorpora\u00e7\u00e3o de novos membros de vozes masculinas. As vozes feministas, tamb\u00e9m, ser\u00e3o selecionadas, mas, neste caso, a prefer\u00eancia ser\u00e1 por mulheres com experi\u00eancia em canto e\/ou saibam ler partituras. As inscri\u00e7\u00f5es devem ser feitas com o preenchimento de um formul\u00e1rio, atrav\u00e9s do link:&nbsp;<a href=\"https:\/\/forms.gle\/1V61nRGW7Uf5TXUt7\" target=\"_blank\" rel=\"noreferrer noopener\">https:\/\/forms.gle\/1V61nRGW7Uf5TXUt7<\/a>&nbsp;, que se encontra, tamb\u00e9m, fixado na bio das redes sociais do Coral. Os cantores selecionados ser\u00e3o contactados pela diretoria do Coral e as audi\u00e7\u00f5es ser\u00e3o realizadas durante as segundas-feiras de fevereiro, \u00e0s 18 horas, na Igreja de Nossa Senhora do Ros\u00e1rio. Os ensaios do Coral se d\u00e3o todas as segundas-feiras, das 18h30min \u00e0s 20h30min, no mesmo local.<\/p>\n\n\n\n<p>O Coral de Petr\u00f3polis tem uma longa tradi\u00e7\u00e3o no cen\u00e1rio art\u00edstico\/cultural da cidade de Petr\u00f3polis. Com 35 de exist\u00eancia, tem em seu repert\u00f3rio m\u00fasicas sacras, eruditas e populares, j\u00e1 tendo se apresentado em diversos concertos e eventos, dentro e fora da cidade, incluindo apresenta\u00e7\u00f5es no exterior do pa\u00eds. H\u00e1 oito anos \u00e9 regido pelo experiente e renomado maestro Rodrigo d&#8217;Avila. Na atualidade, sob uma nova dire\u00e7\u00e3o administrativa, busca parcerias p\u00fablicas e privadas para a amplia\u00e7\u00e3o de sua estrutura de trabalho.<\/p>\n\n\n\n<p>Campanha para aquisi\u00e7\u00e3o de novos coralistas<\/p>\n\n\n\n<p><img decoding=\"async\" alt=\"\ud83c\udfb6\" src=\"https:\/\/fonts.gstatic.com\/s\/e\/notoemoji\/16.0\/1f3b6\/72.png\">&nbsp;*Fa\u00e7a parte do Coral de Petr\u00f3polis!*&nbsp;<img decoding=\"async\" alt=\"\ud83c\udfb6\" src=\"https:\/\/fonts.gstatic.com\/s\/e\/notoemoji\/16.0\/1f3b6\/72.png\"><\/p>\n\n\n\n<p>Estamos em busca de novas vozes para integrar nosso coro e tornar nossas apresenta\u00e7\u00f5es ainda mais especiais.&nbsp;<img decoding=\"async\" alt=\"\ud83c\udfa4\" src=\"https:\/\/fonts.gstatic.com\/s\/e\/notoemoji\/16.0\/1f3a4\/72.png\"><img decoding=\"async\" alt=\"\u2728\" src=\"https:\/\/fonts.gstatic.com\/s\/e\/notoemoji\/16.0\/2728\/72.png\"><\/p>\n\n\n\n<p><img decoding=\"async\" alt=\"\ud83d\udc49\" src=\"https:\/\/fonts.gstatic.com\/s\/e\/notoemoji\/16.0\/1f449\/72.png\">&nbsp;*Inscreva-se atrav\u00e9s do formul\u00e1rio:*&nbsp;<a href=\"https:\/\/forms.gle\/1V61nRGW7Uf5TXUt7\" target=\"_blank\" rel=\"noreferrer noopener\">https:\/\/forms.gle\/1V61nRGW7Uf5TXUt7<\/a><\/p>\n\n\n\n<p><img decoding=\"async\" alt=\"\ud83d\udcc5\" src=\"https:\/\/fonts.gstatic.com\/s\/e\/notoemoji\/16.0\/1f4c5\/72.png\">&nbsp;*Ensaios:* todas \u00e0s segundas-feiras, \u00e0s 18:30, na Igreja do Ros\u00e1rio<\/p>\n\n\n\n<p><img decoding=\"async\" alt=\"\ud83d\udc65\" src=\"https:\/\/fonts.gstatic.com\/s\/e\/notoemoji\/16.0\/1f465\/72.png\">&nbsp;*Procuramos especialmente vozes masculinas e demais vozes com experi\u00eancia pr\u00e9via*<\/p>\n\n\n\n<p><img decoding=\"async\" alt=\"\u2753\" src=\"https:\/\/fonts.gstatic.com\/s\/e\/notoemoji\/16.0\/2753\/72.png\">&nbsp;*WhatsApp para d\u00favidas:* (24) 98877-0489 (Leonardo Bastos)<\/p>\n\n\n\n<p>Ap\u00f3s a inscri\u00e7\u00e3o, entraremos em contato para confirmar sua participa\u00e7\u00e3o e fornecer todos os detalhes.<\/p>\n\n\n\n<p>_<img decoding=\"async\" alt=\"\ud83d\udca1\" src=\"https:\/\/fonts.gstatic.com\/s\/e\/notoemoji\/16.0\/1f4a1\/72.png\">&nbsp;Mensalidade de manuten\u00e7\u00e3o: R$ 100, para ajudar a cobrir as despesas necess\u00e1rias ao funcionamento do coral._<\/p>\n\n\n\n<p>N\u00e3o perca a oportunidade de fazer parte da nossa hist\u00f3ria!&nbsp;<img decoding=\"async\" alt=\"\ud83c\udf1f\" src=\"https:\/\/fonts.gstatic.com\/s\/e\/notoemoji\/16.0\/1f31f\/72.png\">&nbsp;Compartilhe com amigos e familiares que tamb\u00e9m amam a m\u00fasica.<\/p>\n","protected":false},"excerpt":{"rendered":"<p>Depois de um breve per\u00edodo de descanso, o Coral de Petr\u00f3polis retomar\u00e1 suas atividades e<\/p>\n","protected":false},"author":2,"featured_media":98460,"comment_status":"open","ping_status":"open","sticky":false,"template":"","format":"standard","meta":{"footnotes":""},"categories":[12],"tags":[],"class_list":["post-98459","post","type-post","status-publish","format-standard","has-post-thumbnail","hentry","category-cidade"],"_links":{"self":[{"href":"https:\/\/tvc16.com\/portal\/wp-json\/wp\/v2\/posts\/98459","targetHints":{"allow":["GET"]}}],"collection":[{"href":"https:\/\/tvc16.com\/portal\/wp-json\/wp\/v2\/posts"}],"about":[{"href":"https:\/\/tvc16.com\/portal\/wp-json\/wp\/v2\/types\/post"}],"author":[{"embeddable":true,"href":"https:\/\/tvc16.com\/portal\/wp-json\/wp\/v2\/users\/2"}],"replies":[{"embeddable":true,"href":"https:\/\/tvc16.com\/portal\/wp-json\/wp\/v2\/comments?post=98459"}],"version-history":[{"count":1,"href":"https:\/\/tvc16.com\/portal\/wp-json\/wp\/v2\/posts\/98459\/revisions"}],"predecessor-version":[{"id":98461,"href":"https:\/\/tvc16.com\/portal\/wp-json\/wp\/v2\/posts\/98459\/revisions\/98461"}],"wp:featuredmedia":[{"embeddable":true,"href":"https:\/\/tvc16.com\/portal\/wp-json\/wp\/v2\/media\/98460"}],"wp:attachment":[{"href":"https:\/\/tvc16.com\/portal\/wp-json\/wp\/v2\/media?parent=98459"}],"wp:term":[{"taxonomy":"category","embeddable":true,"href":"https:\/\/tvc16.com\/portal\/wp-json\/wp\/v2\/categories?post=98459"},{"taxonomy":"post_tag","embeddable":true,"href":"https:\/\/tvc16.com\/portal\/wp-json\/wp\/v2\/tags?post=98459"}],"curies":[{"name":"wp","href":"https:\/\/api.w.org\/{rel}","templated":true}]}}