{"id":98488,"date":"2025-02-03T08:32:40","date_gmt":"2025-02-03T11:32:40","guid":{"rendered":"https:\/\/tvc16.com\/portal\/?p=98488"},"modified":"2025-02-03T08:32:42","modified_gmt":"2025-02-03T11:32:42","slug":"governador-claudio-castro-anuncia-investimentos-para-retomada-do-show-som-e-luz-no-museu-imperial-de-petropolis","status":"publish","type":"post","link":"https:\/\/tvc16.com\/portal\/2025\/02\/03\/governador-claudio-castro-anuncia-investimentos-para-retomada-do-show-som-e-luz-no-museu-imperial-de-petropolis\/","title":{"rendered":"Governador Cl\u00e1udio Castro anuncia investimentos para retomada do show \u2018Som e Luz\u2019 no Museu Imperial de Petr\u00f3polis"},"content":{"rendered":"\n<p><em>Iniciativa tem participa\u00e7\u00e3o da Prefeitura de Petr\u00f3polis, da Enel e vai impulsionar o turismo na cidade serrana<\/em><\/p>\n\n\n\n<p>O governador Cl\u00e1udio Castro anunciou, neste domingo (02\/02), a moderniza\u00e7\u00e3o dos equipamentos utilizados no espet\u00e1culo \u2018Som e Luz\u2019 do Museu Imperial, em Petr\u00f3polis. O retorno das apresenta\u00e7\u00f5es ser\u00e1 viabilizado por meio da Lei de Incentivo \u00e0 Cultura e do investimento de R$ 1,7 milh\u00e3o da Enel. Suspenso desde 2020, o evento volta a integrar o circuito cultural e hist\u00f3rico do munic\u00edpio.<\/p>\n\n\n\n<p>Castro destacou a utiliza\u00e7\u00e3o de equipamentos modernos para a retomada do projeto e refor\u00e7ou a relev\u00e2ncia da iniciativa para a preserva\u00e7\u00e3o da mem\u00f3ria hist\u00f3rica. A previs\u00e3o \u00e9 que o espet\u00e1culo seja mantido pelos pr\u00f3ximos 10 anos.<\/p>\n\n\n\n<p>&#8220;A hist\u00f3ria do pa\u00eds precisa ser valorizada e essa iniciativa tem papel fundamental no turismo. O resgate da mem\u00f3ria nacional fortalece pol\u00edticas culturais e destaca a identidade do Estado. Petr\u00f3polis tem um papel central nesse contexto e seu potencial hist\u00f3rico precisa ser ainda mais promovido&#8221;,afirmou o governador.<\/p>\n\n\n\n<p>Criado em 2002, o evento ocorre no Museu Imperial, um dos destinos mais visitados do Rio de Janeiro. Anualmente, cerca de 100 sess\u00f5es eram realizadas, reunindo 250 espectadores por apresenta\u00e7\u00e3o. Desde o lan\u00e7amento, mais de 400 mil pessoas j\u00e1 acompanharam a performance, que utiliza efeitos especiais de ilumina\u00e7\u00e3o e som para narrar a hist\u00f3ria de Dom Pedro II.<\/p>\n\n\n\n<p>A secret\u00e1ria de Cultura e Economia Criativa, Danielle Barros, ressaltou a import\u00e2ncia da moderniza\u00e7\u00e3o do projeto.<\/p>\n\n\n\n<p>&#8220;O \u2018Som e Luz\u2019 atrai tanto visitantes quanto moradores. Com essa renova\u00e7\u00e3o, o p\u00fablico ter\u00e1 uma experi\u00eancia aprimorada, aliando tecnologia e patrim\u00f4nio hist\u00f3rico&#8221; disse.<\/p>\n\n\n\n<p>O prefeito de Petr\u00f3polis, Hingo Hammes, enfatizou a articula\u00e7\u00e3o necess\u00e1ria para a retomada do espet\u00e1culo.<\/p>\n\n\n\n<p>\u201cTrabalhei para viabilizar esse retorno desde antes da minha elei\u00e7\u00e3o. Com a colabora\u00e7\u00e3o do governo estadual, dos parceiros da iniciativa privada, como a Enel, e da Prefeitura de Petr\u00f3polis, conseguimos garantir essa conquista para a cidade\u201d afirmou o prefeito.<\/p>\n\n\n\n<p>O secret\u00e1rio de Ambiente e Sustentabilidade, Bernardo Rossi, pontuou os benef\u00edcios da moderniza\u00e7\u00e3o.<\/p>\n\n\n\n<p>\u201cA revitaliza\u00e7\u00e3o desse evento refor\u00e7a o papel do Museu Imperial no turismo local. A implanta\u00e7\u00e3o de equipamentos mais eficientes tamb\u00e9m reduzir\u00e1 o consumo de energia, ampliando a longevidade do projeto\u201d.<\/p>\n\n\n\n<p>A retomada do projeto refor\u00e7a a valoriza\u00e7\u00e3o do patrim\u00f4nio hist\u00f3rico e o fortalecimento do turismo cultural na regi\u00e3o.<\/p>\n","protected":false},"excerpt":{"rendered":"<p>Iniciativa tem participa\u00e7\u00e3o da Prefeitura de Petr\u00f3polis, da Enel e vai impulsionar o turismo na<\/p>\n","protected":false},"author":2,"featured_media":98489,"comment_status":"open","ping_status":"open","sticky":false,"template":"","format":"standard","meta":{"footnotes":""},"categories":[12],"tags":[],"class_list":["post-98488","post","type-post","status-publish","format-standard","has-post-thumbnail","hentry","category-cidade"],"_links":{"self":[{"href":"https:\/\/tvc16.com\/portal\/wp-json\/wp\/v2\/posts\/98488","targetHints":{"allow":["GET"]}}],"collection":[{"href":"https:\/\/tvc16.com\/portal\/wp-json\/wp\/v2\/posts"}],"about":[{"href":"https:\/\/tvc16.com\/portal\/wp-json\/wp\/v2\/types\/post"}],"author":[{"embeddable":true,"href":"https:\/\/tvc16.com\/portal\/wp-json\/wp\/v2\/users\/2"}],"replies":[{"embeddable":true,"href":"https:\/\/tvc16.com\/portal\/wp-json\/wp\/v2\/comments?post=98488"}],"version-history":[{"count":1,"href":"https:\/\/tvc16.com\/portal\/wp-json\/wp\/v2\/posts\/98488\/revisions"}],"predecessor-version":[{"id":98490,"href":"https:\/\/tvc16.com\/portal\/wp-json\/wp\/v2\/posts\/98488\/revisions\/98490"}],"wp:featuredmedia":[{"embeddable":true,"href":"https:\/\/tvc16.com\/portal\/wp-json\/wp\/v2\/media\/98489"}],"wp:attachment":[{"href":"https:\/\/tvc16.com\/portal\/wp-json\/wp\/v2\/media?parent=98488"}],"wp:term":[{"taxonomy":"category","embeddable":true,"href":"https:\/\/tvc16.com\/portal\/wp-json\/wp\/v2\/categories?post=98488"},{"taxonomy":"post_tag","embeddable":true,"href":"https:\/\/tvc16.com\/portal\/wp-json\/wp\/v2\/tags?post=98488"}],"curies":[{"name":"wp","href":"https:\/\/api.w.org\/{rel}","templated":true}]}}