{"id":9849,"date":"2021-01-23T20:58:25","date_gmt":"2021-01-23T23:58:25","guid":{"rendered":"https:\/\/tvc16.com\/portal\/?p=9849"},"modified":"2021-01-23T21:03:45","modified_gmt":"2021-01-24T00:03:45","slug":"saude-comeca-segunda-fase-de-distribuicao-de-vacinas-contra-a-covid-19","status":"publish","type":"post","link":"https:\/\/tvc16.com\/portal\/2021\/01\/23\/saude-comeca-segunda-fase-de-distribuicao-de-vacinas-contra-a-covid-19\/","title":{"rendered":"Minist\u00e9rio da Sa\u00fade come\u00e7a segunda fase de distribui\u00e7\u00e3o de vacinas contra a covid-19"},"content":{"rendered":"\n<h2 class=\"wp-block-heading\"><\/h2>\n\n\n\n<h3 class=\"wp-block-heading\">Est\u00e3o sendo distribu\u00eddos 2 milh\u00f5es de doses da AstraZeneca\/Oxford<\/h3>\n\n\n\n<h4 class=\"wp-block-heading\"><\/h4>\n\n\n\n<p>O Minist\u00e9rio da Sa\u00fade come\u00e7ou a distribui\u00e7\u00e3o dos 2 milh\u00f5es de doses da vacina da AstraZeneca\/Oxford, produzidas pelo laborat\u00f3rio indiano Serum, neste s\u00e1bado (23).&nbsp;<img decoding=\"async\" src=\"https:\/\/agenciabrasil.ebc.com.br\/ebc.png?id=1399541&amp;o=node\"><img decoding=\"async\" src=\"https:\/\/agenciabrasil.ebc.com.br\/ebc.gif?id=1399541&amp;o=node\"><\/p>\n\n\n\n<p><a href=\"https:\/\/agenciabrasil.ebc.com.br\/saude\/noticia\/2021-01\/fiocruz-libera-neste-sabado-distribuicao-de-vacina-aos-estados\" target=\"_blank\" rel=\"noreferrer noopener\">O primeiro estado contemplado \u00e9 o Rio de Janeiro<\/a>. O estado \u00e9 sede da Funda\u00e7\u00e3o Oswaldo Cruz (Fiocruz), institui\u00e7\u00e3o respons\u00e1vel pela checagem de qualidade e seguran\u00e7a, al\u00e9m de rotulagem, com etiquetagem das caixas com informa\u00e7\u00f5es em portugu\u00eas.<\/p>\n\n\n\n<p>Ainda neste s\u00e1bado, um carregamento com 132,5 mil doses seguir\u00e1 para o Amazonas e outras 72,5 mil doses seguir\u00e3o para o Cear\u00e1. Pelo cronograma, os demais estados e o Distrito Federal devem receber as doses da vacina a partir de amanh\u00e3 (24).&nbsp;<\/p>\n\n\n\n<p>Segundo o Minist\u00e9rio da Sa\u00fade, 100 milh\u00f5es de doses da vacina foram encomendadas para serem distribu\u00eddas ainda no primeiro semestre deste ano.<\/p>\n\n\n\n<h2 class=\"wp-block-heading\"><a rel=\"noreferrer noopener\" href=\"https:\/\/www.gov.br\/saude\/pt-br\/assuntos\/campanhas\/DISTRIBUICAODEVACINACOVID192FASE2021.pdf\" target=\"_blank\">Confira o calend\u00e1rio<\/a><\/h2>\n\n\n\n<p>Por Heloisa Cristaldo &#8211; Rep\u00f3rter da Ag\u00eancia Brasil &#8211; Bras\u00edlia<\/p>\n\n\n\n<p>Edi\u00e7\u00e3o: Fernando Fraga<\/p>\n","protected":false},"excerpt":{"rendered":"<p>Est\u00e3o sendo distribu\u00eddos 2 milh\u00f5es de doses da AstraZeneca\/Oxford O Minist\u00e9rio da Sa\u00fade come\u00e7ou a<\/p>\n","protected":false},"author":2,"featured_media":9854,"comment_status":"open","ping_status":"open","sticky":false,"template":"","format":"standard","meta":{"footnotes":""},"categories":[17],"tags":[],"class_list":["post-9849","post","type-post","status-publish","format-standard","has-post-thumbnail","hentry","category-outras-noticias"],"_links":{"self":[{"href":"https:\/\/tvc16.com\/portal\/wp-json\/wp\/v2\/posts\/9849","targetHints":{"allow":["GET"]}}],"collection":[{"href":"https:\/\/tvc16.com\/portal\/wp-json\/wp\/v2\/posts"}],"about":[{"href":"https:\/\/tvc16.com\/portal\/wp-json\/wp\/v2\/types\/post"}],"author":[{"embeddable":true,"href":"https:\/\/tvc16.com\/portal\/wp-json\/wp\/v2\/users\/2"}],"replies":[{"embeddable":true,"href":"https:\/\/tvc16.com\/portal\/wp-json\/wp\/v2\/comments?post=9849"}],"version-history":[{"count":2,"href":"https:\/\/tvc16.com\/portal\/wp-json\/wp\/v2\/posts\/9849\/revisions"}],"predecessor-version":[{"id":9852,"href":"https:\/\/tvc16.com\/portal\/wp-json\/wp\/v2\/posts\/9849\/revisions\/9852"}],"wp:featuredmedia":[{"embeddable":true,"href":"https:\/\/tvc16.com\/portal\/wp-json\/wp\/v2\/media\/9854"}],"wp:attachment":[{"href":"https:\/\/tvc16.com\/portal\/wp-json\/wp\/v2\/media?parent=9849"}],"wp:term":[{"taxonomy":"category","embeddable":true,"href":"https:\/\/tvc16.com\/portal\/wp-json\/wp\/v2\/categories?post=9849"},{"taxonomy":"post_tag","embeddable":true,"href":"https:\/\/tvc16.com\/portal\/wp-json\/wp\/v2\/tags?post=9849"}],"curies":[{"name":"wp","href":"https:\/\/api.w.org\/{rel}","templated":true}]}}