{"id":98491,"date":"2025-02-03T09:10:28","date_gmt":"2025-02-03T12:10:28","guid":{"rendered":"https:\/\/tvc16.com\/portal\/?p=98491"},"modified":"2025-02-03T09:10:32","modified_gmt":"2025-02-03T12:10:32","slug":"segunda-fase-da-matricula-candidatos-que-ainda-nao-se-inscreveram-podem-se-cadastrar-a-partir-desta-segunda-feira-03-02","status":"publish","type":"post","link":"https:\/\/tvc16.com\/portal\/2025\/02\/03\/segunda-fase-da-matricula-candidatos-que-ainda-nao-se-inscreveram-podem-se-cadastrar-a-partir-desta-segunda-feira-03-02\/","title":{"rendered":"Segunda Fase da Matr\u00edcula: candidatos que ainda n\u00e3o se inscreveram podem se cadastrar a partir desta segunda-feira (03\/02)"},"content":{"rendered":"\n<p><em>Estudantes devem fazer a inscri\u00e7\u00e3o pelo site Matr\u00edcula F\u00e1cil e escolher as vagas dispon\u00edveis no sistema<\/em><\/p>\n\n\n\n<p>N\u00e3o perca tempo! A partir desta segunda-feira (03\/02), os estudantes que ainda n\u00e3o fizeram inscri\u00e7\u00e3o, n\u00e3o confirmaram a matr\u00edcula e\/ou n\u00e3o conseguiram vaga poder\u00e3o acessar o site Matr\u00edcula F\u00e1cil e fazer a inscri\u00e7\u00e3o para estudar na rede estadual de ensino em 2025. S\u00e3o mais de 1,2 mil unidades de ensino com oportunidades para Escolas de Novas Tecnologias (E-Tecs), Interculturais, de Itiner\u00e1rios de Forma\u00e7\u00e3o T\u00e9cnica e Profissional, entre outras op\u00e7\u00f5es.<\/p>\n\n\n\n<p>Ap\u00f3s acessar o site Matr\u00edcula F\u00e1cil, os interessados dever\u00e3o verificar a oferta de escolas, s\u00e9ries, cursos e turnos dispon\u00edveis. Nesta segunda fase, a vaga \u00e9 direta, ou seja, o aluno pode escolher dentre as vagas dispon\u00edveis no sistema e, ap\u00f3s a confirma\u00e7\u00e3o dos dados, dever\u00e1 comparecer \u00e0 unidade escolar em at\u00e9 48 horas com toda a documenta\u00e7\u00e3o solicitada.<\/p>\n\n\n\n<p>O processo de matr\u00edcula ocorrer\u00e1 exclusivamente de forma on-line. Caso o respons\u00e1vel ou aluno (se maior de idade e capaz) n\u00e3o tenha acesso \u00e0 internet, poder\u00e1 comparecer \u00e0 unidade escolar para realizar a inscri\u00e7\u00e3o.<\/p>\n\n\n\n<p>No ato da confirma\u00e7\u00e3o da matr\u00edcula, os candidatos dever\u00e3o apresentar, obrigatoriamente, os seguintes documentos:<\/p>\n\n\n\n<p>I &#8211; Certid\u00e3o de nascimento ou casamento, carteira de identidade ou documento que a substitua e CPF, se possuir &#8211; original (ser\u00e1 devolvida no ato);<\/p>\n\n\n\n<p>II &#8211; Hist\u00f3rico Escolar ou declara\u00e7\u00e3o da \u00faltima unidade escolar em que estudou, constando a s\u00e9rie para a qual o aluno est\u00e1 habilitado, ficando o original na escola;<\/p>\n\n\n\n<p>III &#8211; Carteira de identidade e CPF do respons\u00e1vel legal, no caso de menor de 18 anos, original e c\u00f3pia;<\/p>\n\n\n\n<p>IV &#8211; Laudo comprobat\u00f3rio de defici\u00eancias declaradas (se for o caso), conforme Lei Estadual n\u00ba 10.186\/2023, na forma prevista no \u00a7 3\u00ba, art. 19;<\/p>\n\n\n\n<p>V &#8211; Comprovante de resid\u00eancia com o mesmo endere\u00e7o informado no ato da inscri\u00e7\u00e3o da matr\u00edcula;<\/p>\n\n\n\n<p>VI &#8211; Atestado m\u00e9dico espec\u00edfico para a pr\u00e1tica de atividade f\u00edsica de alto rendimento, no caso de matr\u00edcula nas unidades escolares com Ensino M\u00e9dio Itiner\u00e1rio de Esporte;<\/p>\n\n\n\n<p>VII &#8211; Documenta\u00e7\u00e3o que comprova o v\u00ednculo familiar, no caso de o candidato ter declarado possuir irm\u00e3o matriculado ou pleiteante \u00e0 vaga na Rede Estadual da Secretaria de Estado de Educa\u00e7\u00e3o\/SEEDUC, para o ano letivo de 2025.<\/p>\n\n\n\n<p>IMPORTANTE: O cadastro no site apenas n\u00e3o garante a vaga do estudante na escola. \u00c9 necess\u00e1rio, ap\u00f3s essa inscri\u00e7\u00e3o, que o candidato maior de 18 anos ou o respons\u00e1vel do candidato menor de idade compare\u00e7a \u00e0 unidade escolar, em at\u00e9 dois dias \u00fateis, com toda a documenta\u00e7\u00e3o solicitada.<\/p>\n\n\n\n<p>E caso o aluno j\u00e1 tenha confirmado sua inscri\u00e7\u00e3o na escola e tenha interesse em mudar de unidade, ele pode tentar a transfer\u00eancia informatizada, tamb\u00e9m pelo site Matr\u00edcula F\u00e1cil, a partir do dia 5 de fevereiro de 2024.<\/p>\n\n\n\n<p><strong>Servi\u00e7o:<\/strong><\/p>\n\n\n\n<p>&#8211; Inscri\u00e7\u00e3o da 2\u00aa Fase da Matr\u00edcula F\u00e1cil 2025 (exclusivo para os candidatos n\u00e3o alocados da 1\u00aa Fase) &#8211; 30\/01\/2025 e 02\/02\/2025;<\/p>\n\n\n\n<p>&#8211; Confirma\u00e7\u00e3o da 2\u00aa Fase da Matr\u00edcula F\u00e1cil 2025 &#8211; A partir de 30\/01\/2025;<\/p>\n\n\n\n<p>&#8211; Inscri\u00e7\u00e3o da 2\u00aa Fase da Matr\u00edcula F\u00e1cil 2025 (aos candidatos n\u00e3o alocados, aos que n\u00e3o confirmaram matr\u00edcula e aos novos do Ensino Fundamental e M\u00e9dio) &#8211; A partir de 03\/02\/2025;<\/p>\n\n\n\n<p>&#8211; Cadastro para transfer\u00eancia informatizada &#8211; A partir de 05\/02\/2025;<\/p>\n\n\n\n<p>&#8211; Transfer\u00eancia informatizada (com vaga imediata) &#8211; A partir de 05\/02\/2025.<\/p>\n","protected":false},"excerpt":{"rendered":"<p>Estudantes devem fazer a inscri\u00e7\u00e3o pelo site Matr\u00edcula F\u00e1cil e escolher as vagas dispon\u00edveis no<\/p>\n","protected":false},"author":2,"featured_media":98492,"comment_status":"open","ping_status":"open","sticky":false,"template":"","format":"standard","meta":{"footnotes":""},"categories":[17],"tags":[],"class_list":["post-98491","post","type-post","status-publish","format-standard","has-post-thumbnail","hentry","category-outras-noticias"],"_links":{"self":[{"href":"https:\/\/tvc16.com\/portal\/wp-json\/wp\/v2\/posts\/98491","targetHints":{"allow":["GET"]}}],"collection":[{"href":"https:\/\/tvc16.com\/portal\/wp-json\/wp\/v2\/posts"}],"about":[{"href":"https:\/\/tvc16.com\/portal\/wp-json\/wp\/v2\/types\/post"}],"author":[{"embeddable":true,"href":"https:\/\/tvc16.com\/portal\/wp-json\/wp\/v2\/users\/2"}],"replies":[{"embeddable":true,"href":"https:\/\/tvc16.com\/portal\/wp-json\/wp\/v2\/comments?post=98491"}],"version-history":[{"count":1,"href":"https:\/\/tvc16.com\/portal\/wp-json\/wp\/v2\/posts\/98491\/revisions"}],"predecessor-version":[{"id":98493,"href":"https:\/\/tvc16.com\/portal\/wp-json\/wp\/v2\/posts\/98491\/revisions\/98493"}],"wp:featuredmedia":[{"embeddable":true,"href":"https:\/\/tvc16.com\/portal\/wp-json\/wp\/v2\/media\/98492"}],"wp:attachment":[{"href":"https:\/\/tvc16.com\/portal\/wp-json\/wp\/v2\/media?parent=98491"}],"wp:term":[{"taxonomy":"category","embeddable":true,"href":"https:\/\/tvc16.com\/portal\/wp-json\/wp\/v2\/categories?post=98491"},{"taxonomy":"post_tag","embeddable":true,"href":"https:\/\/tvc16.com\/portal\/wp-json\/wp\/v2\/tags?post=98491"}],"curies":[{"name":"wp","href":"https:\/\/api.w.org\/{rel}","templated":true}]}}