{"id":98499,"date":"2025-02-03T09:49:51","date_gmt":"2025-02-03T12:49:51","guid":{"rendered":"https:\/\/tvc16.com\/portal\/?p=98499"},"modified":"2025-02-03T09:49:53","modified_gmt":"2025-02-03T12:49:53","slug":"menor-e-apreendido-com-motocicleta-adulterada-em-tres-rios","status":"publish","type":"post","link":"https:\/\/tvc16.com\/portal\/2025\/02\/03\/menor-e-apreendido-com-motocicleta-adulterada-em-tres-rios\/","title":{"rendered":"Menor \u00e9 apreendido com motocicleta adulterada em Tr\u00eas Rios"},"content":{"rendered":"\n<p>Na madrugada deste domingo (2), Policiais Militares do 38\u00aa Batalh\u00e3o, apreenderam um menor de idade que conduzia uma motocicleta, sem autoriza\u00e7\u00e3o. Na ocasi\u00e3o, os agentes realizavam uma abordagem \u00e0 pessoas suspeitas na Rua Padre Conrado, no Centro de Tr\u00eas Rios, quando tr\u00eas suspeitos seguiram em fuga em motocicletas, realizando manobras perigosas.<\/p>\n\n\n\n<p>Os PMs seguiram os suspeitos, mas s\u00f3 foi poss\u00edvel alcan\u00e7ar um dos motociclistas. Foi constatado ent\u00e3o que ele \u00e9 menor de idade, com 17 anos, morador da cidade de Comendador Levy Gasparian. Ao ser questionado, ele informou que estava em Tr\u00eas Rios para participar do famoso &#8220;rolezinho&#8221;, e por conta da idade, n\u00e3o possu\u00eda Carteira Nacional de Habilita\u00e7\u00e3o (CNH) e nem a documenta\u00e7\u00e3o do ve\u00edculo.<\/p>\n\n\n\n<p>Ele foi encaminhado \u00e0 108\u00aa Delegacia de Pol\u00edcia, onde permaneceu \u00e0 disposi\u00e7\u00e3o da Justi\u00e7a.<\/p>\n\n\n\n<p><\/p>\n\n\n\n<p><strong>Festa interrompida<\/strong><\/p>\n\n\n\n<p>No s\u00e1bado (1), os agentes do 38\u00ba BPM receberam uma den\u00fancia que falava sobre uma festa que aconteceria sem a autoriza\u00e7\u00e3o dos \u00d3rg\u00e3os Municipais e das For\u00e7as de Seguran\u00e7a do Estado. A den\u00fancia foi feita ap\u00f3s ampla divulga\u00e7\u00e3o do evento feita em aplicativos de mensagem. Com o trabalho de intelig\u00eancia, os agentes descobriram que o evento seria realizado em uma \u00e1rea de lazer, no bairro Santa Terezinha, em Tr\u00eas Rios.<\/p>\n\n\n\n<p>Os militares foram at\u00e9 o local, onde foi poss\u00edvel identificaram o idealizador do evento. Ele foi orientado sobra os tr\u00e2mites para a regulariza\u00e7\u00e3o junto aos \u00f3rg\u00e3os competentes. Ele se comprometeu a interromper o evento, at\u00e9 que se adequasse \u00e0s normas vigentes.<br><\/p>\n\n\n\n<p><\/p>\n","protected":false},"excerpt":{"rendered":"<p>Na madrugada deste domingo (2), Policiais Militares do 38\u00aa Batalh\u00e3o, apreenderam um menor de idade<\/p>\n","protected":false},"author":2,"featured_media":98501,"comment_status":"open","ping_status":"open","sticky":false,"template":"","format":"standard","meta":{"footnotes":""},"categories":[17],"tags":[],"class_list":["post-98499","post","type-post","status-publish","format-standard","has-post-thumbnail","hentry","category-outras-noticias"],"_links":{"self":[{"href":"https:\/\/tvc16.com\/portal\/wp-json\/wp\/v2\/posts\/98499","targetHints":{"allow":["GET"]}}],"collection":[{"href":"https:\/\/tvc16.com\/portal\/wp-json\/wp\/v2\/posts"}],"about":[{"href":"https:\/\/tvc16.com\/portal\/wp-json\/wp\/v2\/types\/post"}],"author":[{"embeddable":true,"href":"https:\/\/tvc16.com\/portal\/wp-json\/wp\/v2\/users\/2"}],"replies":[{"embeddable":true,"href":"https:\/\/tvc16.com\/portal\/wp-json\/wp\/v2\/comments?post=98499"}],"version-history":[{"count":1,"href":"https:\/\/tvc16.com\/portal\/wp-json\/wp\/v2\/posts\/98499\/revisions"}],"predecessor-version":[{"id":98502,"href":"https:\/\/tvc16.com\/portal\/wp-json\/wp\/v2\/posts\/98499\/revisions\/98502"}],"wp:featuredmedia":[{"embeddable":true,"href":"https:\/\/tvc16.com\/portal\/wp-json\/wp\/v2\/media\/98501"}],"wp:attachment":[{"href":"https:\/\/tvc16.com\/portal\/wp-json\/wp\/v2\/media?parent=98499"}],"wp:term":[{"taxonomy":"category","embeddable":true,"href":"https:\/\/tvc16.com\/portal\/wp-json\/wp\/v2\/categories?post=98499"},{"taxonomy":"post_tag","embeddable":true,"href":"https:\/\/tvc16.com\/portal\/wp-json\/wp\/v2\/tags?post=98499"}],"curies":[{"name":"wp","href":"https:\/\/api.w.org\/{rel}","templated":true}]}}