{"id":98503,"date":"2025-02-03T15:24:59","date_gmt":"2025-02-03T18:24:59","guid":{"rendered":"https:\/\/tvc16.com\/portal\/?p=98503"},"modified":"2025-02-03T15:25:01","modified_gmt":"2025-02-03T18:25:01","slug":"prefeitura-reforca-fiscalizacoes-e-seguranca-no-municipio","status":"publish","type":"post","link":"https:\/\/tvc16.com\/portal\/2025\/02\/03\/prefeitura-reforca-fiscalizacoes-e-seguranca-no-municipio\/","title":{"rendered":"Prefeitura refor\u00e7a fiscaliza\u00e7\u00f5es e seguran\u00e7a no munic\u00edpio"},"content":{"rendered":"\n<p><em>Guarda Civil atua em pris\u00e3o por furto e autua\u00e7\u00e3o de ferro-velho<\/em><\/p>\n\n\n\n<p>A Prefeitura de Petr\u00f3polis realizou diversas a\u00e7\u00f5es de fiscaliza\u00e7\u00e3o e seguran\u00e7a no fim de semana, abrangendo diferentes bairros e estabelecimentos comerciais. A Secretaria de Servi\u00e7os, Seguran\u00e7a e Ordem P\u00fablica (SSOP), em parceria com a Pol\u00edcia Militar, Pol\u00edcia Civil, Companhia Petropolitana de Tr\u00e2nsito e Transportes (CPTrans), Guarda Civil e fiscais da Posturas, promoveu fiscaliza\u00e7\u00f5es em bares e estabelecimentos comerciais. O objetivo da opera\u00e7\u00e3o foi coibir a perturba\u00e7\u00e3o do sossego e garantir a ordem p\u00fablica.<\/p>\n\n\n\n<p>As a\u00e7\u00f5es ocorreram nos bairros Roseiral, Carangola, Retiro, Morin, Alto da Serra, Castel\u00e2nea e Centro, abrangendo vias como Rua Nelson de S\u00e1 Earp, Pra\u00e7a da Liberdade, Rua 7 de Abril, Rua 13 de Maio e Pra\u00e7a Marechal Carmona. Durante as abordagens, 19 estabelecimentos foram fiscalizados, 10 receberam orienta\u00e7\u00f5es para evitar contrata\u00e7\u00e3o de motociclistas com escapamentos irregulares e quatro motos e dois autom\u00f3veis foram rebocados.<\/p>\n\n\n\n<p>\u201cEssas opera\u00e7\u00f5es garantem o cumprimento das normas e proporcionam mais tranquilidade aos moradores. A a\u00e7\u00e3o conjunta entre diferentes \u00f3rg\u00e3os fortalece a seguran\u00e7a e co\u00edbe irregularidades\u201d, afirmou o prefeito Hingo Hammes, que destacou a import\u00e2ncia das fiscaliza\u00e7\u00f5es para a seguran\u00e7a da popula\u00e7\u00e3o.<\/p>\n\n\n\n<p>O secret\u00e1rio de Servi\u00e7os, Seguran\u00e7a e Ordem P\u00fablica refor\u00e7ou o compromisso das institui\u00e7\u00f5es envolvidas. \u201cA fiscaliza\u00e7\u00e3o integrada \u00e9 essencial para manter a ordem e combater atividades que possam comprometer o bem-estar da popula\u00e7\u00e3o. O trabalho segue com a\u00e7\u00f5es cont\u00ednuas para garantir o cumprimento da legisla\u00e7\u00e3o municipal\u201d, declarou.<\/p>\n\n\n\n<p>A\u00e7\u00f5es da Guarda Civil durante o fim de semana<\/p>\n\n\n\n<p>Durante as a\u00e7\u00f5es do fim de semana, a Guarda Civil Municipal foi acionada por um supermercado ap\u00f3s um furto de objetos. A autora do crime foi presa em flagrante e conduzida \u00e0 delegacia, onde permaneceu detida. A mulher j\u00e1 possu\u00eda registros anteriores na pol\u00edcia.<\/p>\n\n\n\n<p>A Guarda Civil tamb\u00e9m realizou uma autua\u00e7\u00e3o nesta segunda-feira (03\/02) a um ferro-velho localizado na Rua Amazonas, no bairro Quitandinha, por deixar material no passeio p\u00fablico, estabelecendo um prazo de 48 horas para a retirada. O estabelecimento tamb\u00e9m recebeu uma intima\u00e7\u00e3o, pois o alvar\u00e1 de funcionamento consta um endere\u00e7o antigo sem regulariza\u00e7\u00e3o, tendo um prazo de 10 dias para a devida regulariza\u00e7\u00e3o.<\/p>\n\n\n\n<p>Foto: divulga\u00e7\u00e3o<\/p>\n","protected":false},"excerpt":{"rendered":"<p>Guarda Civil atua em pris\u00e3o por furto e autua\u00e7\u00e3o de ferro-velho A Prefeitura de Petr\u00f3polis<\/p>\n","protected":false},"author":2,"featured_media":98504,"comment_status":"open","ping_status":"open","sticky":false,"template":"","format":"standard","meta":{"footnotes":""},"categories":[12],"tags":[],"class_list":["post-98503","post","type-post","status-publish","format-standard","has-post-thumbnail","hentry","category-cidade"],"_links":{"self":[{"href":"https:\/\/tvc16.com\/portal\/wp-json\/wp\/v2\/posts\/98503","targetHints":{"allow":["GET"]}}],"collection":[{"href":"https:\/\/tvc16.com\/portal\/wp-json\/wp\/v2\/posts"}],"about":[{"href":"https:\/\/tvc16.com\/portal\/wp-json\/wp\/v2\/types\/post"}],"author":[{"embeddable":true,"href":"https:\/\/tvc16.com\/portal\/wp-json\/wp\/v2\/users\/2"}],"replies":[{"embeddable":true,"href":"https:\/\/tvc16.com\/portal\/wp-json\/wp\/v2\/comments?post=98503"}],"version-history":[{"count":1,"href":"https:\/\/tvc16.com\/portal\/wp-json\/wp\/v2\/posts\/98503\/revisions"}],"predecessor-version":[{"id":98505,"href":"https:\/\/tvc16.com\/portal\/wp-json\/wp\/v2\/posts\/98503\/revisions\/98505"}],"wp:featuredmedia":[{"embeddable":true,"href":"https:\/\/tvc16.com\/portal\/wp-json\/wp\/v2\/media\/98504"}],"wp:attachment":[{"href":"https:\/\/tvc16.com\/portal\/wp-json\/wp\/v2\/media?parent=98503"}],"wp:term":[{"taxonomy":"category","embeddable":true,"href":"https:\/\/tvc16.com\/portal\/wp-json\/wp\/v2\/categories?post=98503"},{"taxonomy":"post_tag","embeddable":true,"href":"https:\/\/tvc16.com\/portal\/wp-json\/wp\/v2\/tags?post=98503"}],"curies":[{"name":"wp","href":"https:\/\/api.w.org\/{rel}","templated":true}]}}